{"id":10313,"date":"2023-12-16T22:20:06","date_gmt":"2023-12-16T21:20:06","guid":{"rendered":"https:\/\/feuerwehr-kufstein.at\/?p=10313"},"modified":"2023-12-18T10:12:14","modified_gmt":"2023-12-18T09:12:14","slug":"adventsspecial-3-4-kommandant-stellvertreter-der-stadtfeuerwehr-kufstein-hans-peter-wohlschlager","status":"publish","type":"post","link":"https:\/\/feuerwehr-kufstein.at\/?p=10313","title":{"rendered":"ADVENTSSPECIAL (3\/4) &#8211; Kommandant Stellvertreter der STADTFEUERWEHR Kufstein &#8211; Hans-Peter Wohlschlager"},"content":{"rendered":"<div dir=\"auto\">\n<p>Wir nehmen das heurige Adventsspecial zum Anlass, um euch unsere Kommandomitglieder vorzustellen.<\/p>\n<p>Mit weit \u00fcber 3.500 Eins\u00e4tzen in 37 Jahren z\u00e4hlt unser Hans-Peter schon zum &#8222;Inventar&#8220; unserer Feuerwehr.<\/p>\n<p>Der Jugendgruppe trat er 1986 bei und wurde nach Abschluss aller Wissenstests im Jahr 1989 zum Feuerwehrmann angelobt. Im Lauf seiner Feuerwehrlaufbahn fungierte er als Gruppen-,\u00a0 Zugs-\u00a0 und Stellvertreter- Kommandant. 2018 wurde er zum Kommandanten der STADTFEUERWEHR Kufstein gew\u00e4hlt. In dieser Periode wurde das neue Blaulichtzentrum errichtet, wo Hansi einer der hauptverantwortlichen Personen war.<\/p>\n<p>Erw\u00e4hnenswert ist auch sein Feuerwehrleistungsabzeichen in GOLD, welches er im Jahr 2008 positiv abschlie\u00dfen konnte.<\/p>\n<\/div>\n<div class=\"x11i5rnm xat24cr x1mh8g0r x1vvkbs xtlvy1s x126k92a\">\n<div dir=\"auto\">\n<p>Im Bezirksfeuerwehrverband \u00fcbernahm er 2001 das Sachgebiet Atemschutz, wo er seitdem f\u00fcr die Pr\u00fcfung aller Atemschutz-Ger\u00e4te im Bezirk verantwortlich ist. Bei den Bezirks Atemschutz-Bewerben stellt Hansi einen zuverl\u00e4ssigen Bewerbsleiter dar.<\/p>\n<p>Bei der diesj\u00e4hrigen Jahreshauptversammlung fanden Kommando-Neuwahlen statt, bei welchen es zu einem Generationswechsel an der Spitze unserer Feuerwehr gekommen ist. Hansi lie\u00df sich wieder als Kommandant Stellvertreter aufstellen und wurde auch in dieser Funktion von der Mannschaft gew\u00e4hlt.<\/p>\n<p>Wir m\u00f6chten uns bei dir an dieser Stelle recht herzlich f\u00fcr deine jahrelange ehrenamtliche Arbeit bedanken.<\/p>\n<p>Danke \u201eHans\u00e4\u201c!<\/p>\n<\/div>\n<\/div>\n<div dir=\"auto\"><a href=\"https:\/\/feuerwehr-kufstein.at\/wp-content\/uploads\/2023\/12\/Bild-Kufstein-Hansae.jpg\"><img decoding=\"async\" class=\"aligncenter wp-image-10314 size-full lazyload\" data-src=\"https:\/\/feuerwehr-kufstein.at\/wp-content\/uploads\/2023\/12\/Bild-Kufstein-Hansae.jpg\" alt=\"\" width=\"526\" height=\"701\" data-srcset=\"https:\/\/feuerwehr-kufstein.at\/wp-content\/uploads\/2023\/12\/Bild-Kufstein-Hansae.jpg 526w, https:\/\/feuerwehr-kufstein.at\/wp-content\/uploads\/2023\/12\/Bild-Kufstein-Hansae-225x300.jpg 225w\" data-sizes=\"(max-width: 526px) 100vw, 526px\" src=\"data:image\/svg+xml;base64,PHN2ZyB3aWR0aD0iMSIgaGVpZ2h0PSIxIiB4bWxucz0iaHR0cDovL3d3dy53My5vcmcvMjAwMC9zdmciPjwvc3ZnPg==\" style=\"--smush-placeholder-width: 526px; --smush-placeholder-aspect-ratio: 526\/701;\" \/><\/a><\/div>\n","protected":false},"excerpt":{"rendered":"<p>Wir nehmen das heurige Adventsspecial zum Anlass, um euch unsere Kommandomitglieder vorzustellen. Mit weit \u00fcber 3.500 Eins\u00e4tzen in 37 Jahren z\u00e4hlt unser Hans-Peter schon zum &#8222;Inventar&#8220; unserer Feuerwehr. Der Jugendgruppe trat er 1986 bei und wurde nach Abschluss aller Wissenstests im Jahr 1989 zum Feuerwehrmann angelobt. Im Lauf seiner Feuerwehrlaufbahn fungierte er als Gruppen-,\u00a0 Zugs-\u00a0 [&hellip;]<\/p>\n","protected":false},"author":6,"featured_media":10314,"comment_status":"closed","ping_status":"closed","sticky":false,"template":"","format":"standard","meta":{"footnotes":""},"categories":[63],"tags":[],"class_list":{"0":"post-10313","1":"post","2":"type-post","3":"status-publish","4":"format-standard","5":"has-post-thumbnail","7":"category-sonstiges","8":"czr-hentry"},"_links":{"self":[{"href":"https:\/\/feuerwehr-kufstein.at\/index.php?rest_route=\/wp\/v2\/posts\/10313","targetHints":{"allow":["GET"]}}],"collection":[{"href":"https:\/\/feuerwehr-kufstein.at\/index.php?rest_route=\/wp\/v2\/posts"}],"about":[{"href":"https:\/\/feuerwehr-kufstein.at\/index.php?rest_route=\/wp\/v2\/types\/post"}],"author":[{"embeddable":true,"href":"https:\/\/feuerwehr-kufstein.at\/index.php?rest_route=\/wp\/v2\/users\/6"}],"replies":[{"embeddable":true,"href":"https:\/\/feuerwehr-kufstein.at\/index.php?rest_route=%2Fwp%2Fv2%2Fcomments&post=10313"}],"version-history":[{"count":0,"href":"https:\/\/feuerwehr-kufstein.at\/index.php?rest_route=\/wp\/v2\/posts\/10313\/revisions"}],"wp:featuredmedia":[{"embeddable":true,"href":"https:\/\/feuerwehr-kufstein.at\/index.php?rest_route=\/wp\/v2\/media\/10314"}],"wp:attachment":[{"href":"https:\/\/feuerwehr-kufstein.at\/index.php?rest_route=%2Fwp%2Fv2%2Fmedia&parent=10313"}],"wp:term":[{"taxonomy":"category","embeddable":true,"href":"https:\/\/feuerwehr-kufstein.at\/index.php?rest_route=%2Fwp%2Fv2%2Fcategories&post=10313"},{"taxonomy":"post_tag","embeddable":true,"href":"https:\/\/feuerwehr-kufstein.at\/index.php?rest_route=%2Fwp%2Fv2%2Ftags&post=10313"}],"curies":[{"name":"wp","href":"https:\/\/api.w.org\/{rel}","templated":true}]}}