{"id":10962,"date":"2024-10-08T11:19:13","date_gmt":"2024-10-08T10:19:13","guid":{"rendered":"https:\/\/feuerwehr-kufstein.at\/?p=10962"},"modified":"2024-10-08T11:22:55","modified_gmt":"2024-10-08T10:22:55","slug":"gold-fuer-die-stadtfeuerwehr-kufstein-%f0%9f%8f%85%f0%9f%9a%92","status":"publish","type":"post","link":"https:\/\/feuerwehr-kufstein.at\/?p=10962","title":{"rendered":"Gold f\u00fcr die STADTFEUERWEHR Kufstein \ud83c\udfc5\ud83d\ude92"},"content":{"rendered":"<div class=\"xdj266r x11i5rnm xat24cr x1mh8g0r x1vvkbs x126k92a\">\n<div dir=\"auto\">Am gestrigen Samstag nahm ein Trupp der STADTFEUERWEHR Kufstein am Atemschutz-Leistungsbewerb in Scheffau teil und konnte in der Kategorie GOLD erfolgreich abschlie\u00dfen.<\/div>\n<\/div>\n<div class=\"x11i5rnm xat24cr x1mh8g0r x1vvkbs xtlvy1s x126k92a\">\n<div dir=\"auto\">Der Atemschutz-Leistungsbewerb stellt die Teilnehmer vor herausfordernde Aufgaben, die hohe k\u00f6rperliche Fitness, technisches Wissen und Teamarbeit erfordern. Zu den Pr\u00fcfungsaufgaben geh\u00f6ren unter anderem das Suchen und Retten von Personen, das sichere Arbeiten in verrauchten Bereichen sowie der korrekte Einsatz von Atemschutzger\u00e4ten. Die Kategorie GOLD ist die h\u00f6chste Stufe des Bewerbs und verlangt von den Feuerwehrleuten umfangreiche Fachkenntnisse und praktische Fertigkeiten.<\/div>\n<\/div>\n<div class=\"x11i5rnm xat24cr x1mh8g0r x1vvkbs xtlvy1s x126k92a\">\n<div dir=\"auto\"><\/div>\n<div dir=\"auto\">Wir gratulieren den Kameraden:<\/div>\n<\/div>\n<div class=\"x11i5rnm xat24cr x1mh8g0r x1vvkbs xtlvy1s x126k92a\">\n<div dir=\"auto\">&#8211; HFM Uwe Liebscher<\/div>\n<div dir=\"auto\">&#8211; LM Manfred Burian<\/div>\n<div dir=\"auto\">&#8211; HLM Otto Albrecht<\/div>\n<\/div>\n<div class=\"x11i5rnm xat24cr x1mh8g0r x1vvkbs xtlvy1s x126k92a\">\n<div dir=\"auto\">\n<p>Ein besonderer Dank gilt auch unserem Kameraden LM Andreas Grie\u00dfer, der den Trupp auf den Bewerb vorbereitet hat. Durch das gezielte Training konnten die Teilnehmer die anspruchsvollen Aufgaben sicher und erfolgreich bew\u00e4ltigen.<\/p>\n<\/div>\n<\/div>\n<div class=\"x11i5rnm xat24cr x1mh8g0r x1vvkbs xtlvy1s x126k92a\">\n<div dir=\"auto\"><span class=\"html-span xexx8yu x4uap5 x18d9i69 xkhd6sd x1hl2dhg x16tdsg8 x1vvkbs x3nfvp2 x1j61x8r x1fcty0u xdj266r xat24cr xgzva0m xhhsvwb xxymvpz xlup9mm x1kky2od\"><img decoding=\"async\" class=\"xz74otr lazyload\" data-src=\"https:\/\/static.xx.fbcdn.net\/images\/emoji.php\/v9\/t67\/1\/16\/1f692.png\" alt=\"\ud83d\ude92\" width=\"16\" height=\"16\" src=\"data:image\/svg+xml;base64,PHN2ZyB3aWR0aD0iMSIgaGVpZ2h0PSIxIiB4bWxucz0iaHR0cDovL3d3dy53My5vcmcvMjAwMC9zdmciPjwvc3ZnPg==\" style=\"--smush-placeholder-width: 16px; --smush-placeholder-aspect-ratio: 16\/16;\" \/><\/span> F\u00fcr eure Sicherheit \u2013 STADTFEUERWEHR Kufstein \u2013 seit 1866 <span class=\"html-span xexx8yu x4uap5 x18d9i69 xkhd6sd x1hl2dhg x16tdsg8 x1vvkbs x3nfvp2 x1j61x8r x1fcty0u xdj266r xat24cr xgzva0m xhhsvwb xxymvpz xlup9mm x1kky2od\"><img decoding=\"async\" class=\"xz74otr lazyload\" data-src=\"https:\/\/static.xx.fbcdn.net\/images\/emoji.php\/v9\/t67\/1\/16\/1f692.png\" alt=\"\ud83d\ude92\" width=\"16\" height=\"16\" src=\"data:image\/svg+xml;base64,PHN2ZyB3aWR0aD0iMSIgaGVpZ2h0PSIxIiB4bWxucz0iaHR0cDovL3d3dy53My5vcmcvMjAwMC9zdmciPjwvc3ZnPg==\" style=\"--smush-placeholder-width: 16px; --smush-placeholder-aspect-ratio: 16\/16;\" \/><\/span><\/div>\n<\/div>\n<div dir=\"auto\"><\/div>\n<p>&nbsp;<\/p>\n<div dir=\"auto\"><\/div>\n<div dir=\"auto\"><\/div>\n<div dir=\"auto\">\n<div id='gallery-1' class='czr-gallery row flex-row czr-gallery-style gallery galleryid-10962 gallery-columns-4 gallery-size-medium'><figure class='gallery-item col col-auto'>\r\n                        <div class='gallery-icon portrait czr-gallery-icon'>\r\n                              <a data-lb-type=\"grouped-gallery\" href=https:\/\/feuerwehr-kufstein.at\/wp-content\/uploads\/2024\/10\/462118206_929575055864909_1000316724025618311_n.jpg class=\"bg-link\"><\/a><img decoding=\"async\" width=\"240\" height=\"300\" data-src=\"https:\/\/feuerwehr-kufstein.at\/wp-content\/uploads\/2024\/10\/462118206_929575055864909_1000316724025618311_n-240x300.jpg\" class=\"attachment-medium size-medium no-lazy lazyload\" alt=\"\" data-sizes=\"(min-width: 1200px) 255px, (min-width: 992px) 210px, (min-width: 768px) 150px, (min-width: 576px) 105px, calc( 50vw - 30px )\" data-srcset=\"https:\/\/feuerwehr-kufstein.at\/wp-content\/uploads\/2024\/10\/462118206_929575055864909_1000316724025618311_n-240x300.jpg 240w, https:\/\/feuerwehr-kufstein.at\/wp-content\/uploads\/2024\/10\/462118206_929575055864909_1000316724025618311_n-819x1024.jpg 819w, https:\/\/feuerwehr-kufstein.at\/wp-content\/uploads\/2024\/10\/462118206_929575055864909_1000316724025618311_n-768x960.jpg 768w, https:\/\/feuerwehr-kufstein.at\/wp-content\/uploads\/2024\/10\/462118206_929575055864909_1000316724025618311_n.jpg 864w\" src=\"data:image\/svg+xml;base64,PHN2ZyB3aWR0aD0iMSIgaGVpZ2h0PSIxIiB4bWxucz0iaHR0cDovL3d3dy53My5vcmcvMjAwMC9zdmciPjwvc3ZnPg==\" style=\"--smush-placeholder-width: 240px; --smush-placeholder-aspect-ratio: 240\/300;\" \/>\r\n                        <\/div><\/figure><figure class='gallery-item col col-auto'>\r\n                        <div class='gallery-icon portrait czr-gallery-icon'>\r\n                              <a data-lb-type=\"grouped-gallery\" href=https:\/\/feuerwehr-kufstein.at\/wp-content\/uploads\/2024\/10\/462118230_929575099198238_3272368167852443523_n.jpg class=\"bg-link\"><\/a><img decoding=\"async\" width=\"240\" height=\"300\" data-src=\"https:\/\/feuerwehr-kufstein.at\/wp-content\/uploads\/2024\/10\/462118230_929575099198238_3272368167852443523_n-240x300.jpg\" class=\"attachment-medium size-medium no-lazy lazyload\" alt=\"\" data-sizes=\"(min-width: 1200px) 255px, (min-width: 992px) 210px, (min-width: 768px) 150px, (min-width: 576px) 105px, calc( 50vw - 30px )\" data-srcset=\"https:\/\/feuerwehr-kufstein.at\/wp-content\/uploads\/2024\/10\/462118230_929575099198238_3272368167852443523_n-240x300.jpg 240w, https:\/\/feuerwehr-kufstein.at\/wp-content\/uploads\/2024\/10\/462118230_929575099198238_3272368167852443523_n-820x1024.jpg 820w, https:\/\/feuerwehr-kufstein.at\/wp-content\/uploads\/2024\/10\/462118230_929575099198238_3272368167852443523_n-768x959.jpg 768w, https:\/\/feuerwehr-kufstein.at\/wp-content\/uploads\/2024\/10\/462118230_929575099198238_3272368167852443523_n.jpg 865w\" src=\"data:image\/svg+xml;base64,PHN2ZyB3aWR0aD0iMSIgaGVpZ2h0PSIxIiB4bWxucz0iaHR0cDovL3d3dy53My5vcmcvMjAwMC9zdmciPjwvc3ZnPg==\" style=\"--smush-placeholder-width: 240px; --smush-placeholder-aspect-ratio: 240\/300;\" \/>\r\n                        <\/div><\/figure><figure class='gallery-item col col-auto'>\r\n                        <div class='gallery-icon portrait czr-gallery-icon'>\r\n                              <a data-lb-type=\"grouped-gallery\" href=https:\/\/feuerwehr-kufstein.at\/wp-content\/uploads\/2024\/10\/462226558_929575119198236_6401575295252514274_n.jpg class=\"bg-link\"><\/a><img decoding=\"async\" width=\"240\" height=\"300\" data-src=\"https:\/\/feuerwehr-kufstein.at\/wp-content\/uploads\/2024\/10\/462226558_929575119198236_6401575295252514274_n-240x300.jpg\" class=\"attachment-medium size-medium no-lazy lazyload\" alt=\"\" data-sizes=\"(min-width: 1200px) 255px, (min-width: 992px) 210px, (min-width: 768px) 150px, (min-width: 576px) 105px, calc( 50vw - 30px )\" data-srcset=\"https:\/\/feuerwehr-kufstein.at\/wp-content\/uploads\/2024\/10\/462226558_929575119198236_6401575295252514274_n-240x300.jpg 240w, https:\/\/feuerwehr-kufstein.at\/wp-content\/uploads\/2024\/10\/462226558_929575119198236_6401575295252514274_n-819x1024.jpg 819w, https:\/\/feuerwehr-kufstein.at\/wp-content\/uploads\/2024\/10\/462226558_929575119198236_6401575295252514274_n-768x960.jpg 768w, https:\/\/feuerwehr-kufstein.at\/wp-content\/uploads\/2024\/10\/462226558_929575119198236_6401575295252514274_n.jpg 1080w\" src=\"data:image\/svg+xml;base64,PHN2ZyB3aWR0aD0iMSIgaGVpZ2h0PSIxIiB4bWxucz0iaHR0cDovL3d3dy53My5vcmcvMjAwMC9zdmciPjwvc3ZnPg==\" style=\"--smush-placeholder-width: 240px; --smush-placeholder-aspect-ratio: 240\/300;\" \/>\r\n                        <\/div><\/figure><figure class='gallery-item col col-auto'>\r\n                        <div class='gallery-icon portrait czr-gallery-icon'>\r\n                              <a data-lb-type=\"grouped-gallery\" href=https:\/\/feuerwehr-kufstein.at\/wp-content\/uploads\/2024\/10\/462280950_929575102531571_7717350930571193482_n.jpg class=\"bg-link\"><\/a><img decoding=\"async\" width=\"240\" height=\"300\" data-src=\"https:\/\/feuerwehr-kufstein.at\/wp-content\/uploads\/2024\/10\/462280950_929575102531571_7717350930571193482_n-240x300.jpg\" class=\"attachment-medium size-medium no-lazy lazyload\" alt=\"\" data-sizes=\"(min-width: 1200px) 255px, (min-width: 992px) 210px, (min-width: 768px) 150px, (min-width: 576px) 105px, calc( 50vw - 30px )\" data-srcset=\"https:\/\/feuerwehr-kufstein.at\/wp-content\/uploads\/2024\/10\/462280950_929575102531571_7717350930571193482_n-240x300.jpg 240w, https:\/\/feuerwehr-kufstein.at\/wp-content\/uploads\/2024\/10\/462280950_929575102531571_7717350930571193482_n-819x1024.jpg 819w, https:\/\/feuerwehr-kufstein.at\/wp-content\/uploads\/2024\/10\/462280950_929575102531571_7717350930571193482_n-768x960.jpg 768w, https:\/\/feuerwehr-kufstein.at\/wp-content\/uploads\/2024\/10\/462280950_929575102531571_7717350930571193482_n.jpg 864w\" src=\"data:image\/svg+xml;base64,PHN2ZyB3aWR0aD0iMSIgaGVpZ2h0PSIxIiB4bWxucz0iaHR0cDovL3d3dy53My5vcmcvMjAwMC9zdmciPjwvc3ZnPg==\" style=\"--smush-placeholder-width: 240px; --smush-placeholder-aspect-ratio: 240\/300;\" \/>\r\n                        <\/div><\/figure><figure class='gallery-item col col-auto'>\r\n                        <div class='gallery-icon portrait czr-gallery-icon'>\r\n                              <a data-lb-type=\"grouped-gallery\" href=https:\/\/feuerwehr-kufstein.at\/wp-content\/uploads\/2024\/10\/462092027_929575115864903_8352182653705650368_n.jpg class=\"bg-link\"><\/a><img decoding=\"async\" width=\"240\" height=\"300\" data-src=\"https:\/\/feuerwehr-kufstein.at\/wp-content\/uploads\/2024\/10\/462092027_929575115864903_8352182653705650368_n-240x300.jpg\" class=\"attachment-medium size-medium no-lazy lazyload\" alt=\"\" data-sizes=\"(min-width: 1200px) 255px, (min-width: 992px) 210px, (min-width: 768px) 150px, (min-width: 576px) 105px, calc( 50vw - 30px )\" data-srcset=\"https:\/\/feuerwehr-kufstein.at\/wp-content\/uploads\/2024\/10\/462092027_929575115864903_8352182653705650368_n-240x300.jpg 240w, https:\/\/feuerwehr-kufstein.at\/wp-content\/uploads\/2024\/10\/462092027_929575115864903_8352182653705650368_n-819x1024.jpg 819w, https:\/\/feuerwehr-kufstein.at\/wp-content\/uploads\/2024\/10\/462092027_929575115864903_8352182653705650368_n-768x960.jpg 768w, https:\/\/feuerwehr-kufstein.at\/wp-content\/uploads\/2024\/10\/462092027_929575115864903_8352182653705650368_n.jpg 1080w\" src=\"data:image\/svg+xml;base64,PHN2ZyB3aWR0aD0iMSIgaGVpZ2h0PSIxIiB4bWxucz0iaHR0cDovL3d3dy53My5vcmcvMjAwMC9zdmciPjwvc3ZnPg==\" style=\"--smush-placeholder-width: 240px; --smush-placeholder-aspect-ratio: 240\/300;\" \/>\r\n                        <\/div><\/figure><figure class='gallery-item col col-auto'>\r\n                        <div class='gallery-icon portrait czr-gallery-icon'>\r\n                              <a data-lb-type=\"grouped-gallery\" href=https:\/\/feuerwehr-kufstein.at\/wp-content\/uploads\/2024\/10\/462240437_929575122531569_7061108258702596460_n.jpg class=\"bg-link\"><\/a><img decoding=\"async\" width=\"240\" height=\"300\" data-src=\"https:\/\/feuerwehr-kufstein.at\/wp-content\/uploads\/2024\/10\/462240437_929575122531569_7061108258702596460_n-240x300.jpg\" class=\"attachment-medium size-medium no-lazy lazyload\" alt=\"\" data-sizes=\"(min-width: 1200px) 255px, (min-width: 992px) 210px, (min-width: 768px) 150px, (min-width: 576px) 105px, calc( 50vw - 30px )\" data-srcset=\"https:\/\/feuerwehr-kufstein.at\/wp-content\/uploads\/2024\/10\/462240437_929575122531569_7061108258702596460_n-240x300.jpg 240w, https:\/\/feuerwehr-kufstein.at\/wp-content\/uploads\/2024\/10\/462240437_929575122531569_7061108258702596460_n-819x1024.jpg 819w, https:\/\/feuerwehr-kufstein.at\/wp-content\/uploads\/2024\/10\/462240437_929575122531569_7061108258702596460_n-768x960.jpg 768w, https:\/\/feuerwehr-kufstein.at\/wp-content\/uploads\/2024\/10\/462240437_929575122531569_7061108258702596460_n.jpg 1080w\" src=\"data:image\/svg+xml;base64,PHN2ZyB3aWR0aD0iMSIgaGVpZ2h0PSIxIiB4bWxucz0iaHR0cDovL3d3dy53My5vcmcvMjAwMC9zdmciPjwvc3ZnPg==\" style=\"--smush-placeholder-width: 240px; --smush-placeholder-aspect-ratio: 240\/300;\" \/>\r\n                        <\/div><\/figure><figure class='gallery-item col col-auto'>\r\n                        <div class='gallery-icon portrait czr-gallery-icon'>\r\n                              <a data-lb-type=\"grouped-gallery\" href=https:\/\/feuerwehr-kufstein.at\/wp-content\/uploads\/2024\/10\/462188544_929575125864902_5293729091910102345_n.jpg class=\"bg-link\"><\/a><img decoding=\"async\" width=\"240\" height=\"300\" data-src=\"https:\/\/feuerwehr-kufstein.at\/wp-content\/uploads\/2024\/10\/462188544_929575125864902_5293729091910102345_n-240x300.jpg\" class=\"attachment-medium size-medium no-lazy lazyload\" alt=\"\" data-sizes=\"(min-width: 1200px) 255px, (min-width: 992px) 210px, (min-width: 768px) 150px, (min-width: 576px) 105px, calc( 50vw - 30px )\" data-srcset=\"https:\/\/feuerwehr-kufstein.at\/wp-content\/uploads\/2024\/10\/462188544_929575125864902_5293729091910102345_n-240x300.jpg 240w, https:\/\/feuerwehr-kufstein.at\/wp-content\/uploads\/2024\/10\/462188544_929575125864902_5293729091910102345_n-819x1024.jpg 819w, https:\/\/feuerwehr-kufstein.at\/wp-content\/uploads\/2024\/10\/462188544_929575125864902_5293729091910102345_n-768x960.jpg 768w, https:\/\/feuerwehr-kufstein.at\/wp-content\/uploads\/2024\/10\/462188544_929575125864902_5293729091910102345_n.jpg 1080w\" src=\"data:image\/svg+xml;base64,PHN2ZyB3aWR0aD0iMSIgaGVpZ2h0PSIxIiB4bWxucz0iaHR0cDovL3d3dy53My5vcmcvMjAwMC9zdmciPjwvc3ZnPg==\" style=\"--smush-placeholder-width: 240px; --smush-placeholder-aspect-ratio: 240\/300;\" \/>\r\n                        <\/div><\/figure><figure class='gallery-item col col-auto'>\r\n                        <div class='gallery-icon portrait czr-gallery-icon'>\r\n                              <a data-lb-type=\"grouped-gallery\" href=https:\/\/feuerwehr-kufstein.at\/wp-content\/uploads\/2024\/10\/462169224_929575112531570_465612810184320160_n.jpg class=\"bg-link\"><\/a><img decoding=\"async\" width=\"240\" height=\"300\" data-src=\"https:\/\/feuerwehr-kufstein.at\/wp-content\/uploads\/2024\/10\/462169224_929575112531570_465612810184320160_n-240x300.jpg\" class=\"attachment-medium size-medium no-lazy lazyload\" alt=\"\" data-sizes=\"(min-width: 1200px) 255px, (min-width: 992px) 210px, (min-width: 768px) 150px, (min-width: 576px) 105px, calc( 50vw - 30px )\" data-srcset=\"https:\/\/feuerwehr-kufstein.at\/wp-content\/uploads\/2024\/10\/462169224_929575112531570_465612810184320160_n-240x300.jpg 240w, https:\/\/feuerwehr-kufstein.at\/wp-content\/uploads\/2024\/10\/462169224_929575112531570_465612810184320160_n-819x1024.jpg 819w, https:\/\/feuerwehr-kufstein.at\/wp-content\/uploads\/2024\/10\/462169224_929575112531570_465612810184320160_n-768x960.jpg 768w, https:\/\/feuerwehr-kufstein.at\/wp-content\/uploads\/2024\/10\/462169224_929575112531570_465612810184320160_n.jpg 1080w\" src=\"data:image\/svg+xml;base64,PHN2ZyB3aWR0aD0iMSIgaGVpZ2h0PSIxIiB4bWxucz0iaHR0cDovL3d3dy53My5vcmcvMjAwMC9zdmciPjwvc3ZnPg==\" style=\"--smush-placeholder-width: 240px; --smush-placeholder-aspect-ratio: 240\/300;\" \/>\r\n                        <\/div><\/figure>\r\n                  <\/div>\n\n<\/div>\n","protected":false},"excerpt":{"rendered":"<p>Am gestrigen Samstag nahm ein Trupp der STADTFEUERWEHR Kufstein am Atemschutz-Leistungsbewerb in Scheffau teil und konnte in der Kategorie GOLD erfolgreich abschlie\u00dfen. Der Atemschutz-Leistungsbewerb stellt die Teilnehmer vor herausfordernde Aufgaben, die hohe k\u00f6rperliche Fitness, technisches Wissen und Teamarbeit erfordern. Zu den Pr\u00fcfungsaufgaben geh\u00f6ren unter anderem das Suchen und Retten von Personen, das sichere Arbeiten in [&hellip;]<\/p>\n","protected":false},"author":2,"featured_media":10966,"comment_status":"closed","ping_status":"closed","sticky":false,"template":"","format":"standard","meta":{"footnotes":""},"categories":[62],"tags":[],"class_list":{"0":"post-10962","1":"post","2":"type-post","3":"status-publish","4":"format-standard","5":"has-post-thumbnail","7":"category-uebungen","8":"czr-hentry"},"_links":{"self":[{"href":"https:\/\/feuerwehr-kufstein.at\/index.php?rest_route=\/wp\/v2\/posts\/10962","targetHints":{"allow":["GET"]}}],"collection":[{"href":"https:\/\/feuerwehr-kufstein.at\/index.php?rest_route=\/wp\/v2\/posts"}],"about":[{"href":"https:\/\/feuerwehr-kufstein.at\/index.php?rest_route=\/wp\/v2\/types\/post"}],"author":[{"embeddable":true,"href":"https:\/\/feuerwehr-kufstein.at\/index.php?rest_route=\/wp\/v2\/users\/2"}],"replies":[{"embeddable":true,"href":"https:\/\/feuerwehr-kufstein.at\/index.php?rest_route=%2Fwp%2Fv2%2Fcomments&post=10962"}],"version-history":[{"count":0,"href":"https:\/\/feuerwehr-kufstein.at\/index.php?rest_route=\/wp\/v2\/posts\/10962\/revisions"}],"wp:featuredmedia":[{"embeddable":true,"href":"https:\/\/feuerwehr-kufstein.at\/index.php?rest_route=\/wp\/v2\/media\/10966"}],"wp:attachment":[{"href":"https:\/\/feuerwehr-kufstein.at\/index.php?rest_route=%2Fwp%2Fv2%2Fmedia&parent=10962"}],"wp:term":[{"taxonomy":"category","embeddable":true,"href":"https:\/\/feuerwehr-kufstein.at\/index.php?rest_route=%2Fwp%2Fv2%2Fcategories&post=10962"},{"taxonomy":"post_tag","embeddable":true,"href":"https:\/\/feuerwehr-kufstein.at\/index.php?rest_route=%2Fwp%2Fv2%2Ftags&post=10962"}],"curies":[{"name":"wp","href":"https:\/\/api.w.org\/{rel}","templated":true}]}}