{"id":11827,"date":"2025-11-29T18:18:17","date_gmt":"2025-11-29T17:18:17","guid":{"rendered":"https:\/\/feuerwehr-kufstein.at\/?p=11827"},"modified":"2025-12-07T19:00:02","modified_gmt":"2025-12-07T18:00:02","slug":"%f0%9f%8e%84-advent-special-der-stadtfeuerwehr-kufstein-%f0%9f%8e%84","status":"publish","type":"post","link":"https:\/\/feuerwehr-kufstein.at\/?p=11827","title":{"rendered":"\ud83c\udf84Advent-Special der Stadtfeuerwehr Kufstein &#8211; Patrick"},"content":{"rendered":"<p><a href=\"https:\/\/feuerwehr-kufstein.at\/wp-content\/uploads\/2025\/12\/591286677_1253157143506697_6247679312369279144_n.jpg\"><img decoding=\"async\" class=\"aligncenter wp-image-11828 size-large lazyload\" data-src=\"https:\/\/feuerwehr-kufstein.at\/wp-content\/uploads\/2025\/12\/591286677_1253157143506697_6247679312369279144_n-819x1024.jpg\" alt=\"\" width=\"819\" height=\"1024\" data-srcset=\"https:\/\/feuerwehr-kufstein.at\/wp-content\/uploads\/2025\/12\/591286677_1253157143506697_6247679312369279144_n-819x1024.jpg 819w, https:\/\/feuerwehr-kufstein.at\/wp-content\/uploads\/2025\/12\/591286677_1253157143506697_6247679312369279144_n-240x300.jpg 240w, https:\/\/feuerwehr-kufstein.at\/wp-content\/uploads\/2025\/12\/591286677_1253157143506697_6247679312369279144_n-768x960.jpg 768w, https:\/\/feuerwehr-kufstein.at\/wp-content\/uploads\/2025\/12\/591286677_1253157143506697_6247679312369279144_n-1229x1536.jpg 1229w, https:\/\/feuerwehr-kufstein.at\/wp-content\/uploads\/2025\/12\/591286677_1253157143506697_6247679312369279144_n.jpg 1536w\" data-sizes=\"(max-width: 819px) 100vw, 819px\" src=\"data:image\/svg+xml;base64,PHN2ZyB3aWR0aD0iMSIgaGVpZ2h0PSIxIiB4bWxucz0iaHR0cDovL3d3dy53My5vcmcvMjAwMC9zdmciPjwvc3ZnPg==\" style=\"--smush-placeholder-width: 819px; --smush-placeholder-aspect-ratio: 819\/1024;\" \/><\/a><\/p>\n<p>In der Adventzeit m\u00f6chten wir heuer wieder die Gelegenheit nutzen, um euch jene Menschen vorzustellen, die tagt\u00e4glich f\u00fcr die Sicherheit unserer Stadt einstehen.<br class=\"html-br\" \/><br class=\"html-br\" \/><span class=\"html-span xexx8yu xyri2b x18d9i69 x1c1uobl x1hl2dhg x16tdsg8 x1vvkbs x3nfvp2 x1j61x8r x1fcty0u xdj266r xat24cr xm2jcoa x1mpyi22 xxymvpz xlup9mm x1kky2od\"><img decoding=\"async\" class=\"xz74otr x15mokao x1ga7v0g x16uus16 xbiv7yw lazyload\" data-src=\"https:\/\/static.xx.fbcdn.net\/images\/emoji.php\/v9\/tf4\/1\/16\/2728.png\" alt=\"\u2728\" width=\"16\" height=\"16\" src=\"data:image\/svg+xml;base64,PHN2ZyB3aWR0aD0iMSIgaGVpZ2h0PSIxIiB4bWxucz0iaHR0cDovL3d3dy53My5vcmcvMjAwMC9zdmciPjwvc3ZnPg==\" style=\"--smush-placeholder-width: 16px; --smush-placeholder-aspect-ratio: 16\/16;\" \/><\/span>\u00a0Zug 1: Zugskommandant Patrick Gugglberger\u00a0<span class=\"html-span xexx8yu xyri2b x18d9i69 x1c1uobl x1hl2dhg x16tdsg8 x1vvkbs x3nfvp2 x1j61x8r x1fcty0u xdj266r xat24cr xm2jcoa x1mpyi22 xxymvpz xlup9mm x1kky2od\"><img decoding=\"async\" class=\"xz74otr x15mokao x1ga7v0g x16uus16 xbiv7yw lazyload\" data-src=\"https:\/\/static.xx.fbcdn.net\/images\/emoji.php\/v9\/tf4\/1\/16\/2728.png\" alt=\"\u2728\" width=\"16\" height=\"16\" src=\"data:image\/svg+xml;base64,PHN2ZyB3aWR0aD0iMSIgaGVpZ2h0PSIxIiB4bWxucz0iaHR0cDovL3d3dy53My5vcmcvMjAwMC9zdmciPjwvc3ZnPg==\" style=\"--smush-placeholder-width: 16px; --smush-placeholder-aspect-ratio: 16\/16;\" \/><\/span><br class=\"html-br\" \/><br class=\"html-br\" \/>Patrick begann seine Feuerwehrlaufbahn im Jahr 2005 mit dem Eintritt in die Jugendgruppe der Stadtfeuerwehr Kufstein. Bereits 2007 wurde er in den Aktivstand \u00fcbernommen und als Feuerwehrmann angelobt.<br class=\"html-br\" \/><br class=\"html-br\" \/>Mit seiner Begeisterung f\u00fcr Technik und Einsatzdisziplin \u00fcbernahm er 2016 die Funktion des Sachgebietsleiters Atemschutz, bevor er 2018 zum Gruppenkommandanten vom Tank 2 ernannt wurde.<br class=\"html-br\" \/>2019 folgte dann der n\u00e4chste Schritt: Patrick \u00fcbernahm die Verantwortung als Gruppenkommandant des Tank 1.<\/p>\n<p>Seit 2023 ist Patrick nun als Zugskommandant des 1. Zuges im Einsatz \u2013 als F\u00fchrungsperson, auf die man sich in jeder Lage verlassen kann.<br class=\"html-br\" \/><br class=\"html-br\" \/>\u00dcber 1300 Eins\u00e4tze hat Patrick in seiner bisherigen Laufbahn bereits absolviert \u2013 ein beeindruckender Wert, der sein Engagement, seine Erfahrung und seine Leidenschaft f\u00fcr das Feuerwehrwesen zeigt.<br class=\"html-br\" \/><br class=\"html-br\" \/>Danke Pato, f\u00fcr deinen unerm\u00fcdlichen Einsatz und deinen Beitrag zur Sicherheit unserer Stadt!<\/p>\n<p>&nbsp;<\/p>\n","protected":false},"excerpt":{"rendered":"<p>In der Adventzeit m\u00f6chten wir heuer wieder die Gelegenheit nutzen, um euch jene Menschen vorzustellen, die tagt\u00e4glich f\u00fcr die Sicherheit unserer Stadt einstehen.\u00a0Zug 1: Zugskommandant Patrick Gugglberger\u00a0Patrick begann seine Feuerwehrlaufbahn im Jahr 2005 mit dem Eintritt in die Jugendgruppe der Stadtfeuerwehr Kufstein. Bereits 2007 wurde er in den Aktivstand \u00fcbernommen und als Feuerwehrmann angelobt.Mit seiner [&hellip;]<\/p>\n","protected":false},"author":2,"featured_media":11828,"comment_status":"closed","ping_status":"closed","sticky":false,"template":"","format":"standard","meta":{"footnotes":""},"categories":[63],"tags":[],"class_list":{"0":"post-11827","1":"post","2":"type-post","3":"status-publish","4":"format-standard","5":"has-post-thumbnail","7":"category-sonstiges","8":"czr-hentry"},"_links":{"self":[{"href":"https:\/\/feuerwehr-kufstein.at\/index.php?rest_route=\/wp\/v2\/posts\/11827","targetHints":{"allow":["GET"]}}],"collection":[{"href":"https:\/\/feuerwehr-kufstein.at\/index.php?rest_route=\/wp\/v2\/posts"}],"about":[{"href":"https:\/\/feuerwehr-kufstein.at\/index.php?rest_route=\/wp\/v2\/types\/post"}],"author":[{"embeddable":true,"href":"https:\/\/feuerwehr-kufstein.at\/index.php?rest_route=\/wp\/v2\/users\/2"}],"replies":[{"embeddable":true,"href":"https:\/\/feuerwehr-kufstein.at\/index.php?rest_route=%2Fwp%2Fv2%2Fcomments&post=11827"}],"version-history":[{"count":0,"href":"https:\/\/feuerwehr-kufstein.at\/index.php?rest_route=\/wp\/v2\/posts\/11827\/revisions"}],"wp:featuredmedia":[{"embeddable":true,"href":"https:\/\/feuerwehr-kufstein.at\/index.php?rest_route=\/wp\/v2\/media\/11828"}],"wp:attachment":[{"href":"https:\/\/feuerwehr-kufstein.at\/index.php?rest_route=%2Fwp%2Fv2%2Fmedia&parent=11827"}],"wp:term":[{"taxonomy":"category","embeddable":true,"href":"https:\/\/feuerwehr-kufstein.at\/index.php?rest_route=%2Fwp%2Fv2%2Fcategories&post=11827"},{"taxonomy":"post_tag","embeddable":true,"href":"https:\/\/feuerwehr-kufstein.at\/index.php?rest_route=%2Fwp%2Fv2%2Ftags&post=11827"}],"curies":[{"name":"wp","href":"https:\/\/api.w.org\/{rel}","templated":true}]}}