{"id":11833,"date":"2025-12-01T18:22:27","date_gmt":"2025-12-01T17:22:27","guid":{"rendered":"https:\/\/feuerwehr-kufstein.at\/?p=11833"},"modified":"2025-12-01T18:22:47","modified_gmt":"2025-12-01T17:22:47","slug":"weihnachtsfeier-%f0%9f%8e%84%f0%9f%9a%92","status":"publish","type":"post","link":"https:\/\/feuerwehr-kufstein.at\/?p=11833","title":{"rendered":"WEIHNACHTSFEIER \ud83c\udf84\ud83d\ude92"},"content":{"rendered":"<div class=\"xdj266r x14z9mp xat24cr x1lziwak x1vvkbs x126k92a\">\n<div dir=\"auto\">\n<p>Am vergangenen Freitag lud das Kommando der STADTFEUERWEHR Kufstein zur diesj\u00e4hrigen Weihnachtsfeier in den Lanthalerhof ein. Zahlreiche Mitglieder folgten der Einladung und f\u00fcllten den Saal mit vorweihnachtlicher Stimmung.<\/p>\n<\/div>\n<\/div>\n<div class=\"x14z9mp xat24cr x1lziwak x1vvkbs xtlvy1s x126k92a\">\n<div dir=\"auto\">\n<p>Bei einem gem\u00fctlichen Abendessen bot sich die Gelegenheit, in festlicher Atmosph\u00e4re miteinander ins Gespr\u00e4ch zu kommen, das vergangene Jahr Revue passieren zu lassen und gemeinsame Erlebnisse aus \u00dcbungen und Eins\u00e4tzen in entspannter Runde zu teilen.<\/p>\n<\/div>\n<\/div>\n<div class=\"x14z9mp xat24cr x1lziwak x1vvkbs xtlvy1s x126k92a\">\n<div dir=\"auto\">\n<p>Ein besonderer Dank gilt Stadtamtsdirektorin Mag. Fiona Primus, die als Vertreterin der Stadt Kufstein an der Feier teilnahm. Ihre wertsch\u00e4tzenden Worte f\u00fcr das Engagement der Feuerwehrmitglieder und die gute Zusammenarbeit mit der Stadt unterstrichen die Bedeutung des ehrenamtlichen Dienstes f\u00fcr die Bev\u00f6lkerung.<\/p>\n<\/div>\n<\/div>\n<div class=\"x14z9mp xat24cr x1lziwak x1vvkbs xtlvy1s x126k92a\">\n<div dir=\"auto\">Zum Abschluss bedanken wir uns herzlich beim Team des Lanthalerhofs f\u00fcr die freundliche Bewirtung sowie bei allen Kameraden f\u00fcr ihr unerm\u00fcdliches Engagement w\u00e4hrend des gesamten Jahres.<br \/>\n<div id='gallery-1' class='czr-gallery row flex-row czr-gallery-style gallery galleryid-11833 gallery-columns-5 gallery-size-medium'><figure class='gallery-item col col-auto'>\r\n                        <div class='gallery-icon portrait czr-gallery-icon'>\r\n                              <a data-lb-type=\"grouped-gallery\" href=https:\/\/feuerwehr-kufstein.at\/wp-content\/uploads\/2025\/12\/591836697_1253892316766513_5011222916589536159_n.jpg class=\"bg-link\"><\/a><img decoding=\"async\" width=\"240\" height=\"300\" data-src=\"https:\/\/feuerwehr-kufstein.at\/wp-content\/uploads\/2025\/12\/591836697_1253892316766513_5011222916589536159_n-240x300.jpg\" class=\"attachment-medium size-medium no-lazy lazyload\" alt=\"\" data-sizes=\"(min-width: 1200px) 198px, (min-width: 992px) 162px, (min-width: 768px) 114px, (min-width: 576px) 105px, calc( 50vw - 30px )\" data-srcset=\"https:\/\/feuerwehr-kufstein.at\/wp-content\/uploads\/2025\/12\/591836697_1253892316766513_5011222916589536159_n-240x300.jpg 240w, https:\/\/feuerwehr-kufstein.at\/wp-content\/uploads\/2025\/12\/591836697_1253892316766513_5011222916589536159_n-819x1024.jpg 819w, https:\/\/feuerwehr-kufstein.at\/wp-content\/uploads\/2025\/12\/591836697_1253892316766513_5011222916589536159_n-768x961.jpg 768w, https:\/\/feuerwehr-kufstein.at\/wp-content\/uploads\/2025\/12\/591836697_1253892316766513_5011222916589536159_n.jpg 1080w\" src=\"data:image\/svg+xml;base64,PHN2ZyB3aWR0aD0iMSIgaGVpZ2h0PSIxIiB4bWxucz0iaHR0cDovL3d3dy53My5vcmcvMjAwMC9zdmciPjwvc3ZnPg==\" style=\"--smush-placeholder-width: 240px; --smush-placeholder-aspect-ratio: 240\/300;\" \/>\r\n                        <\/div><\/figure><figure class='gallery-item col col-auto'>\r\n                        <div class='gallery-icon portrait czr-gallery-icon'>\r\n                              <a data-lb-type=\"grouped-gallery\" href=https:\/\/feuerwehr-kufstein.at\/wp-content\/uploads\/2025\/12\/590058510_1253892320099846_855078253402191214_n.jpg class=\"bg-link\"><\/a><img decoding=\"async\" width=\"240\" height=\"300\" data-src=\"https:\/\/feuerwehr-kufstein.at\/wp-content\/uploads\/2025\/12\/590058510_1253892320099846_855078253402191214_n-240x300.jpg\" class=\"attachment-medium size-medium no-lazy lazyload\" alt=\"\" data-sizes=\"(min-width: 1200px) 198px, (min-width: 992px) 162px, (min-width: 768px) 114px, (min-width: 576px) 105px, calc( 50vw - 30px )\" data-srcset=\"https:\/\/feuerwehr-kufstein.at\/wp-content\/uploads\/2025\/12\/590058510_1253892320099846_855078253402191214_n-240x300.jpg 240w, https:\/\/feuerwehr-kufstein.at\/wp-content\/uploads\/2025\/12\/590058510_1253892320099846_855078253402191214_n-819x1024.jpg 819w, https:\/\/feuerwehr-kufstein.at\/wp-content\/uploads\/2025\/12\/590058510_1253892320099846_855078253402191214_n-768x961.jpg 768w, https:\/\/feuerwehr-kufstein.at\/wp-content\/uploads\/2025\/12\/590058510_1253892320099846_855078253402191214_n.jpg 1080w\" src=\"data:image\/svg+xml;base64,PHN2ZyB3aWR0aD0iMSIgaGVpZ2h0PSIxIiB4bWxucz0iaHR0cDovL3d3dy53My5vcmcvMjAwMC9zdmciPjwvc3ZnPg==\" style=\"--smush-placeholder-width: 240px; --smush-placeholder-aspect-ratio: 240\/300;\" \/>\r\n                        <\/div><\/figure><figure class='gallery-item col col-auto'>\r\n                        <div class='gallery-icon portrait czr-gallery-icon'>\r\n                              <a data-lb-type=\"grouped-gallery\" href=https:\/\/feuerwehr-kufstein.at\/wp-content\/uploads\/2025\/12\/591819227_1253892313433180_3365142002360606504_n.jpg class=\"bg-link\"><\/a><img decoding=\"async\" width=\"240\" height=\"300\" data-src=\"https:\/\/feuerwehr-kufstein.at\/wp-content\/uploads\/2025\/12\/591819227_1253892313433180_3365142002360606504_n-240x300.jpg\" class=\"attachment-medium size-medium no-lazy lazyload\" alt=\"\" data-sizes=\"(min-width: 1200px) 198px, (min-width: 992px) 162px, (min-width: 768px) 114px, (min-width: 576px) 105px, calc( 50vw - 30px )\" data-srcset=\"https:\/\/feuerwehr-kufstein.at\/wp-content\/uploads\/2025\/12\/591819227_1253892313433180_3365142002360606504_n-240x300.jpg 240w, https:\/\/feuerwehr-kufstein.at\/wp-content\/uploads\/2025\/12\/591819227_1253892313433180_3365142002360606504_n-819x1024.jpg 819w, https:\/\/feuerwehr-kufstein.at\/wp-content\/uploads\/2025\/12\/591819227_1253892313433180_3365142002360606504_n-768x961.jpg 768w, https:\/\/feuerwehr-kufstein.at\/wp-content\/uploads\/2025\/12\/591819227_1253892313433180_3365142002360606504_n.jpg 1080w\" src=\"data:image\/svg+xml;base64,PHN2ZyB3aWR0aD0iMSIgaGVpZ2h0PSIxIiB4bWxucz0iaHR0cDovL3d3dy53My5vcmcvMjAwMC9zdmciPjwvc3ZnPg==\" style=\"--smush-placeholder-width: 240px; --smush-placeholder-aspect-ratio: 240\/300;\" \/>\r\n                        <\/div><\/figure><figure class='gallery-item col col-auto'>\r\n                        <div class='gallery-icon portrait czr-gallery-icon'>\r\n                              <a data-lb-type=\"grouped-gallery\" href=https:\/\/feuerwehr-kufstein.at\/wp-content\/uploads\/2025\/12\/591745925_1253892323433179_2134207641903225727_n.jpg class=\"bg-link\"><\/a><img decoding=\"async\" width=\"240\" height=\"300\" data-src=\"https:\/\/feuerwehr-kufstein.at\/wp-content\/uploads\/2025\/12\/591745925_1253892323433179_2134207641903225727_n-240x300.jpg\" class=\"attachment-medium size-medium no-lazy lazyload\" alt=\"\" data-sizes=\"(min-width: 1200px) 198px, (min-width: 992px) 162px, (min-width: 768px) 114px, (min-width: 576px) 105px, calc( 50vw - 30px )\" data-srcset=\"https:\/\/feuerwehr-kufstein.at\/wp-content\/uploads\/2025\/12\/591745925_1253892323433179_2134207641903225727_n-240x300.jpg 240w, https:\/\/feuerwehr-kufstein.at\/wp-content\/uploads\/2025\/12\/591745925_1253892323433179_2134207641903225727_n-819x1024.jpg 819w, https:\/\/feuerwehr-kufstein.at\/wp-content\/uploads\/2025\/12\/591745925_1253892323433179_2134207641903225727_n-768x961.jpg 768w, https:\/\/feuerwehr-kufstein.at\/wp-content\/uploads\/2025\/12\/591745925_1253892323433179_2134207641903225727_n.jpg 1080w\" src=\"data:image\/svg+xml;base64,PHN2ZyB3aWR0aD0iMSIgaGVpZ2h0PSIxIiB4bWxucz0iaHR0cDovL3d3dy53My5vcmcvMjAwMC9zdmciPjwvc3ZnPg==\" style=\"--smush-placeholder-width: 240px; --smush-placeholder-aspect-ratio: 240\/300;\" \/>\r\n                        <\/div><\/figure><figure class='gallery-item col col-auto'>\r\n                        <div class='gallery-icon portrait czr-gallery-icon'>\r\n                              <a data-lb-type=\"grouped-gallery\" href=https:\/\/feuerwehr-kufstein.at\/wp-content\/uploads\/2025\/12\/591736106_1253892310099847_3598429741163273484_n.jpg class=\"bg-link\"><\/a><img decoding=\"async\" width=\"240\" height=\"300\" data-src=\"https:\/\/feuerwehr-kufstein.at\/wp-content\/uploads\/2025\/12\/591736106_1253892310099847_3598429741163273484_n-240x300.jpg\" class=\"attachment-medium size-medium no-lazy lazyload\" alt=\"\" data-sizes=\"(min-width: 1200px) 198px, (min-width: 992px) 162px, (min-width: 768px) 114px, (min-width: 576px) 105px, calc( 50vw - 30px )\" data-srcset=\"https:\/\/feuerwehr-kufstein.at\/wp-content\/uploads\/2025\/12\/591736106_1253892310099847_3598429741163273484_n-240x300.jpg 240w, https:\/\/feuerwehr-kufstein.at\/wp-content\/uploads\/2025\/12\/591736106_1253892310099847_3598429741163273484_n-819x1024.jpg 819w, https:\/\/feuerwehr-kufstein.at\/wp-content\/uploads\/2025\/12\/591736106_1253892310099847_3598429741163273484_n-768x961.jpg 768w, https:\/\/feuerwehr-kufstein.at\/wp-content\/uploads\/2025\/12\/591736106_1253892310099847_3598429741163273484_n.jpg 1080w\" src=\"data:image\/svg+xml;base64,PHN2ZyB3aWR0aD0iMSIgaGVpZ2h0PSIxIiB4bWxucz0iaHR0cDovL3d3dy53My5vcmcvMjAwMC9zdmciPjwvc3ZnPg==\" style=\"--smush-placeholder-width: 240px; --smush-placeholder-aspect-ratio: 240\/300;\" \/>\r\n                        <\/div><\/figure>\r\n                  <\/div>\n<\/p>\n<\/div>\n<\/div>\n","protected":false},"excerpt":{"rendered":"<p>Am vergangenen Freitag lud das Kommando der STADTFEUERWEHR Kufstein zur diesj\u00e4hrigen Weihnachtsfeier in den Lanthalerhof ein. Zahlreiche Mitglieder folgten der Einladung und f\u00fcllten den Saal mit vorweihnachtlicher Stimmung. Bei einem gem\u00fctlichen Abendessen bot sich die Gelegenheit, in festlicher Atmosph\u00e4re miteinander ins Gespr\u00e4ch zu kommen, das vergangene Jahr Revue passieren zu lassen und gemeinsame Erlebnisse aus [&hellip;]<\/p>\n","protected":false},"author":2,"featured_media":11838,"comment_status":"closed","ping_status":"closed","sticky":false,"template":"","format":"standard","meta":{"footnotes":""},"categories":[63],"tags":[],"class_list":{"0":"post-11833","1":"post","2":"type-post","3":"status-publish","4":"format-standard","5":"has-post-thumbnail","7":"category-sonstiges","8":"czr-hentry"},"_links":{"self":[{"href":"https:\/\/feuerwehr-kufstein.at\/index.php?rest_route=\/wp\/v2\/posts\/11833","targetHints":{"allow":["GET"]}}],"collection":[{"href":"https:\/\/feuerwehr-kufstein.at\/index.php?rest_route=\/wp\/v2\/posts"}],"about":[{"href":"https:\/\/feuerwehr-kufstein.at\/index.php?rest_route=\/wp\/v2\/types\/post"}],"author":[{"embeddable":true,"href":"https:\/\/feuerwehr-kufstein.at\/index.php?rest_route=\/wp\/v2\/users\/2"}],"replies":[{"embeddable":true,"href":"https:\/\/feuerwehr-kufstein.at\/index.php?rest_route=%2Fwp%2Fv2%2Fcomments&post=11833"}],"version-history":[{"count":0,"href":"https:\/\/feuerwehr-kufstein.at\/index.php?rest_route=\/wp\/v2\/posts\/11833\/revisions"}],"wp:featuredmedia":[{"embeddable":true,"href":"https:\/\/feuerwehr-kufstein.at\/index.php?rest_route=\/wp\/v2\/media\/11838"}],"wp:attachment":[{"href":"https:\/\/feuerwehr-kufstein.at\/index.php?rest_route=%2Fwp%2Fv2%2Fmedia&parent=11833"}],"wp:term":[{"taxonomy":"category","embeddable":true,"href":"https:\/\/feuerwehr-kufstein.at\/index.php?rest_route=%2Fwp%2Fv2%2Fcategories&post=11833"},{"taxonomy":"post_tag","embeddable":true,"href":"https:\/\/feuerwehr-kufstein.at\/index.php?rest_route=%2Fwp%2Fv2%2Ftags&post=11833"}],"curies":[{"name":"wp","href":"https:\/\/api.w.org\/{rel}","templated":true}]}}