{"id":11852,"date":"2025-12-07T19:02:02","date_gmt":"2025-12-07T18:02:02","guid":{"rendered":"https:\/\/feuerwehr-kufstein.at\/?p=11852"},"modified":"2025-12-08T11:11:39","modified_gmt":"2025-12-08T10:11:39","slug":"%f0%9f%8e%84advent-special-der-stadtfeuerwehr-kufstein-otto","status":"publish","type":"post","link":"https:\/\/feuerwehr-kufstein.at\/?p=11852","title":{"rendered":"\ud83c\udf84Advent-Special der Stadtfeuerwehr Kufstein &#8211; Otto"},"content":{"rendered":"<p><a href=\"https:\/\/feuerwehr-kufstein.at\/wp-content\/uploads\/2025\/12\/595737820_1257093033113108_8308836092097469629_n.jpg\"><img decoding=\"async\" class=\"alignnone wp-image-11853 size-full lazyload\" data-src=\"https:\/\/feuerwehr-kufstein.at\/wp-content\/uploads\/2025\/12\/595737820_1257093033113108_8308836092097469629_n.jpg\" alt=\"\" width=\"1536\" height=\"1920\" data-srcset=\"https:\/\/feuerwehr-kufstein.at\/wp-content\/uploads\/2025\/12\/595737820_1257093033113108_8308836092097469629_n.jpg 1536w, https:\/\/feuerwehr-kufstein.at\/wp-content\/uploads\/2025\/12\/595737820_1257093033113108_8308836092097469629_n-240x300.jpg 240w, https:\/\/feuerwehr-kufstein.at\/wp-content\/uploads\/2025\/12\/595737820_1257093033113108_8308836092097469629_n-819x1024.jpg 819w, https:\/\/feuerwehr-kufstein.at\/wp-content\/uploads\/2025\/12\/595737820_1257093033113108_8308836092097469629_n-768x960.jpg 768w, https:\/\/feuerwehr-kufstein.at\/wp-content\/uploads\/2025\/12\/595737820_1257093033113108_8308836092097469629_n-1229x1536.jpg 1229w\" data-sizes=\"(max-width: 1536px) 100vw, 1536px\" src=\"data:image\/svg+xml;base64,PHN2ZyB3aWR0aD0iMSIgaGVpZ2h0PSIxIiB4bWxucz0iaHR0cDovL3d3dy53My5vcmcvMjAwMC9zdmciPjwvc3ZnPg==\" style=\"--smush-placeholder-width: 1536px; --smush-placeholder-aspect-ratio: 1536\/1920;\" \/><\/a><\/p>\n<p>In der Adventzeit m\u00f6chten wir heuer wieder die Gelegenheit nutzen, um euch jene Menschen vorzustellen, die tagt\u00e4glich f\u00fcr die Sicherheit unserer Stadt einstehen.<br class=\"html-br\" \/><br class=\"html-br\" \/><span class=\"html-span xexx8yu xyri2b x18d9i69 x1c1uobl x1hl2dhg x16tdsg8 x1vvkbs x3nfvp2 x1j61x8r x1fcty0u xdj266r xat24cr xm2jcoa x1mpyi22 xxymvpz xlup9mm x1kky2od\"><img decoding=\"async\" class=\"xz74otr x15mokao x1ga7v0g x16uus16 xbiv7yw lazyload\" data-src=\"https:\/\/static.xx.fbcdn.net\/images\/emoji.php\/v9\/tf4\/1\/16\/2728.png\" alt=\"\u2728\" width=\"16\" height=\"16\" src=\"data:image\/svg+xml;base64,PHN2ZyB3aWR0aD0iMSIgaGVpZ2h0PSIxIiB4bWxucz0iaHR0cDovL3d3dy53My5vcmcvMjAwMC9zdmciPjwvc3ZnPg==\" style=\"--smush-placeholder-width: 16px; --smush-placeholder-aspect-ratio: 16\/16;\" \/><\/span>\u00a0Zug 1: Gruppenkommandant Otto Albrecht junior\u00a0<span class=\"html-span xexx8yu xyri2b x18d9i69 x1c1uobl x1hl2dhg x16tdsg8 x1vvkbs x3nfvp2 x1j61x8r x1fcty0u xdj266r xat24cr xm2jcoa x1mpyi22 xxymvpz xlup9mm x1kky2od\"><img decoding=\"async\" class=\"xz74otr x15mokao x1ga7v0g x16uus16 xbiv7yw lazyload\" data-src=\"https:\/\/static.xx.fbcdn.net\/images\/emoji.php\/v9\/tf4\/1\/16\/2728.png\" alt=\"\u2728\" width=\"16\" height=\"16\" src=\"data:image\/svg+xml;base64,PHN2ZyB3aWR0aD0iMSIgaGVpZ2h0PSIxIiB4bWxucz0iaHR0cDovL3d3dy53My5vcmcvMjAwMC9zdmciPjwvc3ZnPg==\" style=\"--smush-placeholder-width: 16px; --smush-placeholder-aspect-ratio: 16\/16;\" \/><\/span><br class=\"html-br\" \/><br class=\"html-br\" \/>Otto begann seine Feuerwehrlaufbahn im Jahr 2009 mit dem Eintritt in die Jugendgruppe der Stadtfeuerwehr Kufstein. Schon damals zeigte sich seine gro\u00dfe Begeisterung f\u00fcr das Feuerwehrwesen \u2013 besonders f\u00fcr technische Eins\u00e4tze, in denen er bis heute mit enormer Pr\u00e4zision, Ruhe und Leidenschaft arbeitet.<br class=\"html-br\" \/><br class=\"html-br\" \/>2013 wurde Otto in den Aktivstand \u00fcbernommen und als Feuerwehrmann angelobt. Rasch entwickelte er sich zu einem zuverl\u00e4ssigen und technisch versierten Mitglied seiner Mannschaft.<br class=\"html-br\" \/><br class=\"html-br\" \/>Von 2019 bis 2024 war Otto einer der Jugendbetreuer der Stadtfeuerwehr Kufstein. Gemeinsam mit dem Jugendbetreuerteam f\u00f6rderte er in dieser Zeit viele Jugendliche, vermittelte Wissen, Werte und Kameradschaft \u2013 und trug so ma\u00dfgeblich zur Ausbildung der n\u00e4chsten Generation bei.<br class=\"html-br\" \/><br class=\"html-br\" \/>2023 folgte schlie\u00dflich der n\u00e4chste gro\u00dfe Schritt: Otto wurde zum Gruppenkommandanten des Tank 1 ernannt. In dieser F\u00fchrungsfunktion leitet er seine Mannschaft mit ruhigen Entscheidungen, technischem Verst\u00e4ndnis und hoher Einsatzkompetenz durch \u00dcbungen und Ernstf\u00e4lle.<br class=\"html-br\" \/><br class=\"html-br\" \/>Mit mehr als 1000 absolvierten Eins\u00e4tzen z\u00e4hlt Otto zu den besonders erfahrenen Kr\u00e4ften unserer Feuerwehr \u2013 ein eindrucksvoller Beweis f\u00fcr sein Engagement, seine Verl\u00e4sslichkeit und seine Leidenschaft f\u00fcr den Dienst am N\u00e4chsten.<br class=\"html-br\" \/><br class=\"html-br\" \/>Danke Alpi, f\u00fcr deinen unerm\u00fcdlichen Einsatz, deine Vorbildfunktion und deinen Beitrag zur Sicherheit unserer Stadt!<\/p>\n","protected":false},"excerpt":{"rendered":"<p>In der Adventzeit m\u00f6chten wir heuer wieder die Gelegenheit nutzen, um euch jene Menschen vorzustellen, die tagt\u00e4glich f\u00fcr die Sicherheit unserer Stadt einstehen.\u00a0Zug 1: Gruppenkommandant Otto Albrecht junior\u00a0Otto begann seine Feuerwehrlaufbahn im Jahr 2009 mit dem Eintritt in die Jugendgruppe der Stadtfeuerwehr Kufstein. Schon damals zeigte sich seine gro\u00dfe Begeisterung f\u00fcr das Feuerwehrwesen \u2013 besonders [&hellip;]<\/p>\n","protected":false},"author":2,"featured_media":11853,"comment_status":"closed","ping_status":"closed","sticky":false,"template":"","format":"standard","meta":{"footnotes":""},"categories":[63],"tags":[],"class_list":{"0":"post-11852","1":"post","2":"type-post","3":"status-publish","4":"format-standard","5":"has-post-thumbnail","7":"category-sonstiges","8":"czr-hentry"},"_links":{"self":[{"href":"https:\/\/feuerwehr-kufstein.at\/index.php?rest_route=\/wp\/v2\/posts\/11852","targetHints":{"allow":["GET"]}}],"collection":[{"href":"https:\/\/feuerwehr-kufstein.at\/index.php?rest_route=\/wp\/v2\/posts"}],"about":[{"href":"https:\/\/feuerwehr-kufstein.at\/index.php?rest_route=\/wp\/v2\/types\/post"}],"author":[{"embeddable":true,"href":"https:\/\/feuerwehr-kufstein.at\/index.php?rest_route=\/wp\/v2\/users\/2"}],"replies":[{"embeddable":true,"href":"https:\/\/feuerwehr-kufstein.at\/index.php?rest_route=%2Fwp%2Fv2%2Fcomments&post=11852"}],"version-history":[{"count":0,"href":"https:\/\/feuerwehr-kufstein.at\/index.php?rest_route=\/wp\/v2\/posts\/11852\/revisions"}],"wp:featuredmedia":[{"embeddable":true,"href":"https:\/\/feuerwehr-kufstein.at\/index.php?rest_route=\/wp\/v2\/media\/11853"}],"wp:attachment":[{"href":"https:\/\/feuerwehr-kufstein.at\/index.php?rest_route=%2Fwp%2Fv2%2Fmedia&parent=11852"}],"wp:term":[{"taxonomy":"category","embeddable":true,"href":"https:\/\/feuerwehr-kufstein.at\/index.php?rest_route=%2Fwp%2Fv2%2Fcategories&post=11852"},{"taxonomy":"post_tag","embeddable":true,"href":"https:\/\/feuerwehr-kufstein.at\/index.php?rest_route=%2Fwp%2Fv2%2Ftags&post=11852"}],"curies":[{"name":"wp","href":"https:\/\/api.w.org\/{rel}","templated":true}]}}