{"id":11992,"date":"2026-02-25T20:02:55","date_gmt":"2026-02-25T19:02:55","guid":{"rendered":"https:\/\/feuerwehr-kufstein.at\/?p=11992"},"modified":"2026-03-06T22:52:18","modified_gmt":"2026-03-06T21:52:18","slug":"160-jahreshauptversammlung-der-stadtfeuerwehr-kufstein","status":"publish","type":"post","link":"https:\/\/feuerwehr-kufstein.at\/?p=11992","title":{"rendered":"160. Jahreshauptversammlung der STADTFEUERWEHR Kufstein"},"content":{"rendered":"<div class=\"flex flex-col text-sm pb-25\">\n<article class=\"text-token-text-primary w-full focus:outline-none [--shadow-height:45px] has-data-writing-block:pointer-events-none has-data-writing-block:-mt-(--shadow-height) has-data-writing-block:pt-(--shadow-height) [&amp;:has([data-writing-block])&gt;*]:pointer-events-auto scroll-mt-[calc(var(--header-height)+min(200px,max(70px,20svh)))]\" dir=\"auto\" tabindex=\"-1\" data-turn-id=\"request-WEB:1259f297-a1fa-4ba4-b16b-48b66c761a5d-10\" data-testid=\"conversation-turn-22\" data-scroll-anchor=\"true\" data-turn=\"assistant\">\n<div class=\"text-base my-auto mx-auto pb-10 [--thread-content-margin:--spacing(4)] @w-sm\/main:[--thread-content-margin:--spacing(6)] @w-lg\/main:[--thread-content-margin:--spacing(16)] px-(--thread-content-margin)\">\n<div class=\"[--thread-content-max-width:40rem] @w-lg\/main:[--thread-content-max-width:48rem] mx-auto max-w-(--thread-content-max-width) flex-1 group\/turn-messages focus-visible:outline-hidden relative flex w-full min-w-0 flex-col agent-turn\" tabindex=\"-1\">\n<div class=\"flex max-w-full flex-col grow\">\n<div class=\"min-h-8 text-message relative flex w-full flex-col items-end gap-2 text-start break-words whitespace-normal [.text-message+&amp;]:mt-1\" dir=\"auto\" data-message-author-role=\"assistant\" data-message-id=\"5daccbfe-7a2c-4530-8652-c00cc505a45d\" data-message-model-slug=\"gpt-5-2-thinking\">\n<div class=\"flex w-full flex-col gap-1 empty:hidden first:pt-[1px]\">\n<div class=\"markdown prose dark:prose-invert w-full wrap-break-word dark markdown-new-styling\">\n<p data-start=\"57\" data-end=\"306\">Am Freitag, 20. Februar 2026 fand die <strong>160. Jahreshauptversammlung<\/strong> der STADTFEUERWEHR Kufstein im <strong>Kultur Quartier Kufstein<\/strong> statt. Zahlreiche Ehreng\u00e4ste aus Politik, Verwaltung und befreundeten Blaulichtorganisationen nahmen an der Veranstaltung teil.<\/p>\n<h2 data-start=\"308\" data-end=\"335\"><strong>R\u00fcckblick auf das Jahr 2025<\/strong><\/h2>\n<p data-start=\"337\" data-end=\"702\">Im Rahmen der Versammlung wurde die Einsatzstatistik des vergangenen Jahres pr\u00e4sentiert. Die STADTFEUERWEHR Kufstein leistete <strong>409<\/strong> Eins\u00e4tze und absolvierte <strong>127<\/strong> \u00dcbungen. Statistisch gesehen r\u00fcckte die Feuerwehr im vergangenen Jahr damit etwa alle <strong>21 Stunden<\/strong> zu einem Einsatz aus. Ein besonderer Dank gilt allen Mitgliedern f\u00fcr ihr Engagement und die investierte Zeit.<\/p>\n<h3 data-start=\"704\" data-end=\"719\">Feuerwehrjugend<\/h3>\n<p data-start=\"721\" data-end=\"882\">Die Feuerwehrjugend blickt ebenfalls auf ein aktives Jahr zur\u00fcck und absolvierte 31 \u00dcbungen. Besonders erfreulich ist die starke Entwicklung im Nachwuchsbereich.<\/p>\n<p data-start=\"884\" data-end=\"973\">Im Bereich der Erprobungsstreifen konnten folgende Jugendmitglieder ausgezeichnet werden:<\/p>\n<p><strong>Neueinstieg:<br \/>\n<\/strong><\/p>\n<ul>\n<li>Thomas Koffou<\/li>\n<li>Philip Hintner<\/li>\n<li>Matthias Walser<\/li>\n<li>Annalena Rieder<\/li>\n<li>Kyryl Suprun<\/li>\n<li>Jakob Albrecht<\/li>\n<li>Damian Haslacher<\/li>\n<li>Liam Haslacher<\/li>\n<\/ul>\n<p data-start=\"1110\" data-end=\"1198\"><strong>Erprobungsstreifen Stufe 1:<\/strong><\/p>\n<ul>\n<li data-start=\"1110\" data-end=\"1198\">Johannes Eberl<\/li>\n<li data-start=\"1110\" data-end=\"1198\">Elias Mairhofer<\/li>\n<li data-start=\"1110\" data-end=\"1198\">Tobias Widmann<\/li>\n<li data-start=\"1110\" data-end=\"1198\">Justin Steiner<\/li>\n<\/ul>\n<p data-start=\"1200\" data-end=\"1272\"><strong>Erprobungsstreifen Stufe 2:<\/strong><\/p>\n<ul>\n<li>Marcel Crepaz<\/li>\n<li>Fabian Hintner<\/li>\n<li>Fynn Woitschach<\/li>\n<\/ul>\n<h3 data-start=\"1305\" data-end=\"1335\">Angelobungen und Bef\u00f6rderungen<\/h3>\n<p data-start=\"1337\" data-end=\"1440\">Im Rahmen der Jahreshauptversammlung konnten wieder Angelobungen und Bef\u00f6rderungen durchgef\u00fchrt werden.<\/p>\n<p><strong>Angelobung \/ Bef\u00f6rderung zum FM:<\/strong><\/p>\n<ul>\n<li>PFM Michael Bichler<\/li>\n<li>PFM Susann Koslowski<\/li>\n<li>PFM Marco Strillinger<\/li>\n<\/ul>\n<p data-start=\"1540\" data-end=\"1650\"><strong>Bef\u00f6rderung zum OFM:<\/strong><\/p>\n<ul>\n<li data-start=\"1540\" data-end=\"1650\">FM Manuel Haiditsch<\/li>\n<li data-start=\"1540\" data-end=\"1650\">FM Piero Lang<\/li>\n<li data-start=\"1540\" data-end=\"1650\">FM Leonhard B\u00fcchler<\/li>\n<li data-start=\"1540\" data-end=\"1650\">FM Sebastian Anker<\/li>\n<li data-start=\"1540\" data-end=\"1650\">FM Selina Anselm<\/li>\n<\/ul>\n<p data-start=\"1652\" data-end=\"1741\"><strong>Bef\u00f6rderung zum HFM:<\/strong><\/p>\n<ul>\n<li data-start=\"1652\" data-end=\"1741\">OFM David Ebner<\/li>\n<li data-start=\"1652\" data-end=\"1741\">OFM Benjamin Ermel<\/li>\n<li data-start=\"1652\" data-end=\"1741\">OFM Christoph Peer<\/li>\n<li data-start=\"1652\" data-end=\"1741\">OFM Lukas Wolf<\/li>\n<\/ul>\n<p data-start=\"1743\" data-end=\"1827\"><strong>Bef\u00f6rderung zum LM:<\/strong><\/p>\n<ul>\n<li data-start=\"1743\" data-end=\"1827\">HFM Markus Mayrhofer (F\u00e4hnrich)<\/li>\n<li data-start=\"1743\" data-end=\"1827\">HFM Florian Mayrhofer (F\u00e4hnrich)<\/li>\n<\/ul>\n<h3 data-start=\"1829\" data-end=\"1869\">Besondere Ernennungen und Auszeichnungen<\/h3>\n<p>Besonders erfreulich war die Ernennung des neuen Feuerwehrkuraten:<\/p>\n<ul>\n<li><strong>Dr. Josef Pletzer<\/strong> wurde zum <strong>Feuerwehrkurat<\/strong> ernannt.<\/li>\n<\/ul>\n<p data-start=\"1991\" data-end=\"2109\">Zudem wurde die <strong>Katastropheneinsatzmedaille<\/strong> <strong>des LFV Nieder\u00f6sterreich<\/strong> verliehen an:<\/p>\n<ul>\n<li data-start=\"1991\" data-end=\"2109\">HLM G\u00fcnther H\u00f6hne<\/li>\n<li data-start=\"1991\" data-end=\"2109\">HV Gerald Pletzer<\/li>\n<\/ul>\n<p data-start=\"2111\" data-end=\"2385\">Weiters wurde die <strong>Fluthelfer-Nadel 2024 des Freistaats Bayern<\/strong> verliehen an:<\/p>\n<ul>\n<li data-start=\"2111\" data-end=\"2385\">HLM Otto Albrecht Jr.<\/li>\n<li data-start=\"2111\" data-end=\"2385\">OFM Leonhard B\u00fcchler<\/li>\n<li data-start=\"2111\" data-end=\"2385\">BM Patrick Gugglberger<\/li>\n<li data-start=\"2111\" data-end=\"2385\">HLM Gerhard Gugglberger<\/li>\n<li data-start=\"2111\" data-end=\"2385\">LM Thomas Gugglberger<\/li>\n<li data-start=\"2111\" data-end=\"2385\">HLM G\u00fcnther H\u00f6hne<\/li>\n<li data-start=\"2111\" data-end=\"2385\">HLM Markus Winkler<\/li>\n<li data-start=\"2111\" data-end=\"2385\">HLM Sebastian Winkler<\/li>\n<li data-start=\"2111\" data-end=\"2385\">HBI Hans-Peter Wohlschlager<\/li>\n<\/ul>\n<h3 data-start=\"2387\" data-end=\"2451\">Ehrungen f\u00fcr langj\u00e4hrige Mitgliedschaft und besondere Verdienste<\/h3>\n<p data-start=\"2453\" data-end=\"2522\">F\u00fcr ihre langj\u00e4hrige Mitgliedschaft wurden folgende Kameraden geehrt:<\/p>\n<p data-start=\"2524\" data-end=\"2640\"><strong>40 Jahre Mitgliedschaft:<\/strong><\/p>\n<ul>\n<li data-start=\"2524\" data-end=\"2640\">HBI Hans-Peter Wohlschlager<\/li>\n<li data-start=\"2524\" data-end=\"2640\">OBI Sebastian Mayrhofer<\/li>\n<li data-start=\"2524\" data-end=\"2640\">FA Dr. Franz Gr\u00f6\u00dfwang<\/li>\n<li data-start=\"2524\" data-end=\"2640\">LM Franz Waldvogl<\/li>\n<\/ul>\n<p data-start=\"2642\" data-end=\"2705\"><strong>50 Jahre Mitgliedschaft:<\/strong><\/p>\n<ul>\n<li data-start=\"2642\" data-end=\"2705\">HLM Reinhard Amort<\/li>\n<li data-start=\"2642\" data-end=\"2705\">LM J\u00fcrgen Mauracher<\/li>\n<\/ul>\n<p data-start=\"2707\" data-end=\"2772\"><strong>Ehrenzeichen des LFV f\u00fcr 60-j\u00e4hrige Mitgliedschaft:<\/strong><\/p>\n<ul>\n<li data-start=\"2707\" data-end=\"2772\">LM Markus Ekl<\/li>\n<\/ul>\n<p data-start=\"2774\" data-end=\"2862\">Dar\u00fcber hinaus wurde folgendes <strong>Verdienstzeichen des Landes-Feuerwehrverbandes<\/strong> verliehen:<\/p>\n<p data-start=\"2864\" data-end=\"2919\"><strong>Verdienstzeichen LFV Stufe IV (Bronze):<\/strong><\/p>\n<ul>\n<li data-start=\"2864\" data-end=\"2919\">HV Thomas Ebner<\/li>\n<\/ul>\n<h3 data-start=\"2921\" data-end=\"2930\">Abschluss<\/h3>\n<p data-start=\"2932\" data-end=\"3242\" data-is-last-node=\"\" data-is-only-node=\"\">Die STADTFEUERWEHR Kufstein blickt auf ein intensives und ereignisreiches Jahr zur\u00fcck und bedankt sich bei allen Mitgliedern \u2013 von der Feuerwehrjugend bis zu den erfahrenen Kameradinnen und Kameraden \u2013 f\u00fcr ihren engagierten Einsatz, ihre Zeit und ihre Einsatzbereitschaft f\u00fcr die Sicherheit der Stadt Kufstein.<\/p>\n<\/div>\n<\/div>\n<\/div>\n<\/div>\n<div class=\"z-0 flex min-h-[46px] justify-start\">\n<div id='gallery-1' class='czr-gallery row flex-row czr-gallery-style gallery galleryid-11992 gallery-columns-3 gallery-size-thumbnail'><figure class='gallery-item col col-auto'>\r\n                        <div class='gallery-icon landscape czr-gallery-icon'>\r\n                              <a data-lb-type=\"grouped-gallery\" href=https:\/\/feuerwehr-kufstein.at\/wp-content\/uploads\/2026\/02\/WhatsApp-Image-2026-02-25-at-19.56.57-5.jpeg class=\"bg-link\"><\/a><img decoding=\"async\" width=\"150\" height=\"150\" data-src=\"https:\/\/feuerwehr-kufstein.at\/wp-content\/uploads\/2026\/02\/WhatsApp-Image-2026-02-25-at-19.56.57-5-150x150.jpeg\" class=\"attachment-thumbnail size-thumbnail no-lazy lazyload\" alt=\"\" data-sizes=\"(min-width: 1200px) 350px, (min-width: 992px) 290px, (min-width: 768px) 210px, (min-width: 576px) 150px, calc( 50vw - 30px )\" data-srcset=\"https:\/\/feuerwehr-kufstein.at\/wp-content\/uploads\/2026\/02\/WhatsApp-Image-2026-02-25-at-19.56.57-5-150x150.jpeg 150w, https:\/\/feuerwehr-kufstein.at\/wp-content\/uploads\/2026\/02\/WhatsApp-Image-2026-02-25-at-19.56.57-5-510x510.jpeg 510w\" src=\"data:image\/svg+xml;base64,PHN2ZyB3aWR0aD0iMSIgaGVpZ2h0PSIxIiB4bWxucz0iaHR0cDovL3d3dy53My5vcmcvMjAwMC9zdmciPjwvc3ZnPg==\" style=\"--smush-placeholder-width: 150px; --smush-placeholder-aspect-ratio: 150\/150;\" \/>\r\n                        <\/div><\/figure><figure class='gallery-item col col-auto'>\r\n                        <div class='gallery-icon landscape czr-gallery-icon'>\r\n                              <a data-lb-type=\"grouped-gallery\" href=https:\/\/feuerwehr-kufstein.at\/wp-content\/uploads\/2026\/02\/WhatsApp-Image-2026-02-25-at-19.56.55-5.jpeg class=\"bg-link\"><\/a><img decoding=\"async\" width=\"150\" height=\"150\" data-src=\"https:\/\/feuerwehr-kufstein.at\/wp-content\/uploads\/2026\/02\/WhatsApp-Image-2026-02-25-at-19.56.55-5-150x150.jpeg\" class=\"attachment-thumbnail size-thumbnail no-lazy lazyload\" alt=\"\" data-sizes=\"(min-width: 1200px) 350px, (min-width: 992px) 290px, (min-width: 768px) 210px, (min-width: 576px) 150px, calc( 50vw - 30px )\" data-srcset=\"https:\/\/feuerwehr-kufstein.at\/wp-content\/uploads\/2026\/02\/WhatsApp-Image-2026-02-25-at-19.56.55-5-150x150.jpeg 150w, https:\/\/feuerwehr-kufstein.at\/wp-content\/uploads\/2026\/02\/WhatsApp-Image-2026-02-25-at-19.56.55-5-510x510.jpeg 510w\" src=\"data:image\/svg+xml;base64,PHN2ZyB3aWR0aD0iMSIgaGVpZ2h0PSIxIiB4bWxucz0iaHR0cDovL3d3dy53My5vcmcvMjAwMC9zdmciPjwvc3ZnPg==\" style=\"--smush-placeholder-width: 150px; --smush-placeholder-aspect-ratio: 150\/150;\" \/>\r\n                        <\/div><\/figure><figure class='gallery-item col col-auto'>\r\n                        <div class='gallery-icon landscape czr-gallery-icon'>\r\n                              <a data-lb-type=\"grouped-gallery\" href=https:\/\/feuerwehr-kufstein.at\/wp-content\/uploads\/2026\/02\/WhatsApp-Image-2026-02-25-at-19.56.57-2.jpeg class=\"bg-link\"><\/a><img decoding=\"async\" width=\"150\" height=\"150\" data-src=\"https:\/\/feuerwehr-kufstein.at\/wp-content\/uploads\/2026\/02\/WhatsApp-Image-2026-02-25-at-19.56.57-2-150x150.jpeg\" class=\"attachment-thumbnail size-thumbnail no-lazy lazyload\" alt=\"\" data-sizes=\"(min-width: 1200px) 350px, (min-width: 992px) 290px, (min-width: 768px) 210px, (min-width: 576px) 150px, calc( 50vw - 30px )\" data-srcset=\"https:\/\/feuerwehr-kufstein.at\/wp-content\/uploads\/2026\/02\/WhatsApp-Image-2026-02-25-at-19.56.57-2-150x150.jpeg 150w, https:\/\/feuerwehr-kufstein.at\/wp-content\/uploads\/2026\/02\/WhatsApp-Image-2026-02-25-at-19.56.57-2-510x510.jpeg 510w\" src=\"data:image\/svg+xml;base64,PHN2ZyB3aWR0aD0iMSIgaGVpZ2h0PSIxIiB4bWxucz0iaHR0cDovL3d3dy53My5vcmcvMjAwMC9zdmciPjwvc3ZnPg==\" style=\"--smush-placeholder-width: 150px; --smush-placeholder-aspect-ratio: 150\/150;\" \/>\r\n                        <\/div><\/figure><figure class='gallery-item col col-auto'>\r\n                        <div class='gallery-icon landscape czr-gallery-icon'>\r\n                              <a data-lb-type=\"grouped-gallery\" href=https:\/\/feuerwehr-kufstein.at\/wp-content\/uploads\/2026\/02\/WhatsApp-Image-2026-02-25-at-19.56.56.jpeg class=\"bg-link\"><\/a><img decoding=\"async\" width=\"150\" height=\"150\" data-src=\"https:\/\/feuerwehr-kufstein.at\/wp-content\/uploads\/2026\/02\/WhatsApp-Image-2026-02-25-at-19.56.56-150x150.jpeg\" class=\"attachment-thumbnail size-thumbnail no-lazy lazyload\" alt=\"\" data-sizes=\"(min-width: 1200px) 350px, (min-width: 992px) 290px, (min-width: 768px) 210px, (min-width: 576px) 150px, calc( 50vw - 30px )\" data-srcset=\"https:\/\/feuerwehr-kufstein.at\/wp-content\/uploads\/2026\/02\/WhatsApp-Image-2026-02-25-at-19.56.56-150x150.jpeg 150w, https:\/\/feuerwehr-kufstein.at\/wp-content\/uploads\/2026\/02\/WhatsApp-Image-2026-02-25-at-19.56.56-510x510.jpeg 510w\" src=\"data:image\/svg+xml;base64,PHN2ZyB3aWR0aD0iMSIgaGVpZ2h0PSIxIiB4bWxucz0iaHR0cDovL3d3dy53My5vcmcvMjAwMC9zdmciPjwvc3ZnPg==\" style=\"--smush-placeholder-width: 150px; --smush-placeholder-aspect-ratio: 150\/150;\" \/>\r\n                        <\/div><\/figure><figure class='gallery-item col col-auto'>\r\n                        <div class='gallery-icon landscape czr-gallery-icon'>\r\n                              <a data-lb-type=\"grouped-gallery\" href=https:\/\/feuerwehr-kufstein.at\/wp-content\/uploads\/2026\/02\/WhatsApp-Image-2026-02-25-at-19.56.56-1.jpeg class=\"bg-link\"><\/a><img decoding=\"async\" width=\"150\" height=\"150\" data-src=\"https:\/\/feuerwehr-kufstein.at\/wp-content\/uploads\/2026\/02\/WhatsApp-Image-2026-02-25-at-19.56.56-1-150x150.jpeg\" class=\"attachment-thumbnail size-thumbnail no-lazy lazyload\" alt=\"\" data-sizes=\"(min-width: 1200px) 350px, (min-width: 992px) 290px, (min-width: 768px) 210px, (min-width: 576px) 150px, calc( 50vw - 30px )\" data-srcset=\"https:\/\/feuerwehr-kufstein.at\/wp-content\/uploads\/2026\/02\/WhatsApp-Image-2026-02-25-at-19.56.56-1-150x150.jpeg 150w, https:\/\/feuerwehr-kufstein.at\/wp-content\/uploads\/2026\/02\/WhatsApp-Image-2026-02-25-at-19.56.56-1-510x510.jpeg 510w\" src=\"data:image\/svg+xml;base64,PHN2ZyB3aWR0aD0iMSIgaGVpZ2h0PSIxIiB4bWxucz0iaHR0cDovL3d3dy53My5vcmcvMjAwMC9zdmciPjwvc3ZnPg==\" style=\"--smush-placeholder-width: 150px; --smush-placeholder-aspect-ratio: 150\/150;\" \/>\r\n                        <\/div><\/figure><figure class='gallery-item col col-auto'>\r\n                        <div class='gallery-icon landscape czr-gallery-icon'>\r\n                              <a data-lb-type=\"grouped-gallery\" href=https:\/\/feuerwehr-kufstein.at\/wp-content\/uploads\/2026\/02\/WhatsApp-Image-2026-02-25-at-19.56.57-1.jpeg class=\"bg-link\"><\/a><img decoding=\"async\" width=\"150\" height=\"150\" data-src=\"https:\/\/feuerwehr-kufstein.at\/wp-content\/uploads\/2026\/02\/WhatsApp-Image-2026-02-25-at-19.56.57-1-150x150.jpeg\" class=\"attachment-thumbnail size-thumbnail no-lazy lazyload\" alt=\"\" data-sizes=\"(min-width: 1200px) 350px, (min-width: 992px) 290px, (min-width: 768px) 210px, (min-width: 576px) 150px, calc( 50vw - 30px )\" data-srcset=\"https:\/\/feuerwehr-kufstein.at\/wp-content\/uploads\/2026\/02\/WhatsApp-Image-2026-02-25-at-19.56.57-1-150x150.jpeg 150w, https:\/\/feuerwehr-kufstein.at\/wp-content\/uploads\/2026\/02\/WhatsApp-Image-2026-02-25-at-19.56.57-1-510x510.jpeg 510w\" src=\"data:image\/svg+xml;base64,PHN2ZyB3aWR0aD0iMSIgaGVpZ2h0PSIxIiB4bWxucz0iaHR0cDovL3d3dy53My5vcmcvMjAwMC9zdmciPjwvc3ZnPg==\" style=\"--smush-placeholder-width: 150px; --smush-placeholder-aspect-ratio: 150\/150;\" \/>\r\n                        <\/div><\/figure><figure class='gallery-item col col-auto'>\r\n                        <div class='gallery-icon landscape czr-gallery-icon'>\r\n                              <a data-lb-type=\"grouped-gallery\" href=https:\/\/feuerwehr-kufstein.at\/wp-content\/uploads\/2026\/02\/WhatsApp-Image-2026-02-25-at-19.56.55-6.jpeg class=\"bg-link\"><\/a><img decoding=\"async\" width=\"150\" height=\"150\" data-src=\"https:\/\/feuerwehr-kufstein.at\/wp-content\/uploads\/2026\/02\/WhatsApp-Image-2026-02-25-at-19.56.55-6-150x150.jpeg\" class=\"attachment-thumbnail size-thumbnail no-lazy lazyload\" alt=\"\" data-sizes=\"(min-width: 1200px) 350px, (min-width: 992px) 290px, (min-width: 768px) 210px, (min-width: 576px) 150px, calc( 50vw - 30px )\" data-srcset=\"https:\/\/feuerwehr-kufstein.at\/wp-content\/uploads\/2026\/02\/WhatsApp-Image-2026-02-25-at-19.56.55-6-150x150.jpeg 150w, https:\/\/feuerwehr-kufstein.at\/wp-content\/uploads\/2026\/02\/WhatsApp-Image-2026-02-25-at-19.56.55-6-510x510.jpeg 510w\" src=\"data:image\/svg+xml;base64,PHN2ZyB3aWR0aD0iMSIgaGVpZ2h0PSIxIiB4bWxucz0iaHR0cDovL3d3dy53My5vcmcvMjAwMC9zdmciPjwvc3ZnPg==\" style=\"--smush-placeholder-width: 150px; --smush-placeholder-aspect-ratio: 150\/150;\" \/>\r\n                        <\/div><\/figure><figure class='gallery-item col col-auto'>\r\n                        <div class='gallery-icon landscape czr-gallery-icon'>\r\n                              <a data-lb-type=\"grouped-gallery\" href=https:\/\/feuerwehr-kufstein.at\/wp-content\/uploads\/2026\/02\/WhatsApp-Image-2026-02-25-at-19.56.56-2.jpeg class=\"bg-link\"><\/a><img decoding=\"async\" width=\"150\" height=\"150\" data-src=\"https:\/\/feuerwehr-kufstein.at\/wp-content\/uploads\/2026\/02\/WhatsApp-Image-2026-02-25-at-19.56.56-2-150x150.jpeg\" class=\"attachment-thumbnail size-thumbnail no-lazy lazyload\" alt=\"\" data-sizes=\"(min-width: 1200px) 350px, (min-width: 992px) 290px, (min-width: 768px) 210px, (min-width: 576px) 150px, calc( 50vw - 30px )\" data-srcset=\"https:\/\/feuerwehr-kufstein.at\/wp-content\/uploads\/2026\/02\/WhatsApp-Image-2026-02-25-at-19.56.56-2-150x150.jpeg 150w, https:\/\/feuerwehr-kufstein.at\/wp-content\/uploads\/2026\/02\/WhatsApp-Image-2026-02-25-at-19.56.56-2-510x510.jpeg 510w\" src=\"data:image\/svg+xml;base64,PHN2ZyB3aWR0aD0iMSIgaGVpZ2h0PSIxIiB4bWxucz0iaHR0cDovL3d3dy53My5vcmcvMjAwMC9zdmciPjwvc3ZnPg==\" style=\"--smush-placeholder-width: 150px; --smush-placeholder-aspect-ratio: 150\/150;\" \/>\r\n                        <\/div><\/figure><figure class='gallery-item col col-auto'>\r\n                        <div class='gallery-icon landscape czr-gallery-icon'>\r\n                              <a data-lb-type=\"grouped-gallery\" href=https:\/\/feuerwehr-kufstein.at\/wp-content\/uploads\/2026\/02\/WhatsApp-Image-2026-02-25-at-19.56.56-3.jpeg class=\"bg-link\"><\/a><img decoding=\"async\" width=\"150\" height=\"150\" data-src=\"https:\/\/feuerwehr-kufstein.at\/wp-content\/uploads\/2026\/02\/WhatsApp-Image-2026-02-25-at-19.56.56-3-150x150.jpeg\" class=\"attachment-thumbnail size-thumbnail no-lazy lazyload\" alt=\"\" data-sizes=\"(min-width: 1200px) 350px, (min-width: 992px) 290px, (min-width: 768px) 210px, (min-width: 576px) 150px, calc( 50vw - 30px )\" data-srcset=\"https:\/\/feuerwehr-kufstein.at\/wp-content\/uploads\/2026\/02\/WhatsApp-Image-2026-02-25-at-19.56.56-3-150x150.jpeg 150w, https:\/\/feuerwehr-kufstein.at\/wp-content\/uploads\/2026\/02\/WhatsApp-Image-2026-02-25-at-19.56.56-3-510x510.jpeg 510w\" src=\"data:image\/svg+xml;base64,PHN2ZyB3aWR0aD0iMSIgaGVpZ2h0PSIxIiB4bWxucz0iaHR0cDovL3d3dy53My5vcmcvMjAwMC9zdmciPjwvc3ZnPg==\" style=\"--smush-placeholder-width: 150px; --smush-placeholder-aspect-ratio: 150\/150;\" \/>\r\n                        <\/div><\/figure><figure class='gallery-item col col-auto'>\r\n                        <div class='gallery-icon landscape czr-gallery-icon'>\r\n                              <a data-lb-type=\"grouped-gallery\" href=https:\/\/feuerwehr-kufstein.at\/wp-content\/uploads\/2026\/02\/WhatsApp-Image-2026-02-25-at-19.56.57-3.jpeg class=\"bg-link\"><\/a><img decoding=\"async\" width=\"150\" height=\"150\" data-src=\"https:\/\/feuerwehr-kufstein.at\/wp-content\/uploads\/2026\/02\/WhatsApp-Image-2026-02-25-at-19.56.57-3-150x150.jpeg\" class=\"attachment-thumbnail size-thumbnail no-lazy lazyload\" alt=\"\" data-sizes=\"(min-width: 1200px) 350px, (min-width: 992px) 290px, (min-width: 768px) 210px, (min-width: 576px) 150px, calc( 50vw - 30px )\" data-srcset=\"https:\/\/feuerwehr-kufstein.at\/wp-content\/uploads\/2026\/02\/WhatsApp-Image-2026-02-25-at-19.56.57-3-150x150.jpeg 150w, https:\/\/feuerwehr-kufstein.at\/wp-content\/uploads\/2026\/02\/WhatsApp-Image-2026-02-25-at-19.56.57-3-510x510.jpeg 510w\" src=\"data:image\/svg+xml;base64,PHN2ZyB3aWR0aD0iMSIgaGVpZ2h0PSIxIiB4bWxucz0iaHR0cDovL3d3dy53My5vcmcvMjAwMC9zdmciPjwvc3ZnPg==\" style=\"--smush-placeholder-width: 150px; --smush-placeholder-aspect-ratio: 150\/150;\" \/>\r\n                        <\/div><\/figure><figure class='gallery-item col col-auto'>\r\n                        <div class='gallery-icon landscape czr-gallery-icon'>\r\n                              <a data-lb-type=\"grouped-gallery\" href=https:\/\/feuerwehr-kufstein.at\/wp-content\/uploads\/2026\/02\/WhatsApp-Image-2026-02-25-at-19.56.57-4.jpeg class=\"bg-link\"><\/a><img decoding=\"async\" width=\"150\" height=\"150\" data-src=\"https:\/\/feuerwehr-kufstein.at\/wp-content\/uploads\/2026\/02\/WhatsApp-Image-2026-02-25-at-19.56.57-4-150x150.jpeg\" class=\"attachment-thumbnail size-thumbnail no-lazy lazyload\" alt=\"\" data-sizes=\"(min-width: 1200px) 350px, (min-width: 992px) 290px, (min-width: 768px) 210px, (min-width: 576px) 150px, calc( 50vw - 30px )\" data-srcset=\"https:\/\/feuerwehr-kufstein.at\/wp-content\/uploads\/2026\/02\/WhatsApp-Image-2026-02-25-at-19.56.57-4-150x150.jpeg 150w, https:\/\/feuerwehr-kufstein.at\/wp-content\/uploads\/2026\/02\/WhatsApp-Image-2026-02-25-at-19.56.57-4-510x510.jpeg 510w\" src=\"data:image\/svg+xml;base64,PHN2ZyB3aWR0aD0iMSIgaGVpZ2h0PSIxIiB4bWxucz0iaHR0cDovL3d3dy53My5vcmcvMjAwMC9zdmciPjwvc3ZnPg==\" style=\"--smush-placeholder-width: 150px; --smush-placeholder-aspect-ratio: 150\/150;\" \/>\r\n                        <\/div><\/figure><figure class='gallery-item col col-auto'>\r\n                        <div class='gallery-icon landscape czr-gallery-icon'>\r\n                              <a data-lb-type=\"grouped-gallery\" href=https:\/\/feuerwehr-kufstein.at\/wp-content\/uploads\/2026\/02\/WhatsApp-Image-2026-02-25-at-19.56.55-3.jpeg class=\"bg-link\"><\/a><img decoding=\"async\" width=\"150\" height=\"150\" data-src=\"https:\/\/feuerwehr-kufstein.at\/wp-content\/uploads\/2026\/02\/WhatsApp-Image-2026-02-25-at-19.56.55-3-150x150.jpeg\" class=\"attachment-thumbnail size-thumbnail no-lazy lazyload\" alt=\"\" data-sizes=\"(min-width: 1200px) 350px, (min-width: 992px) 290px, (min-width: 768px) 210px, (min-width: 576px) 150px, calc( 50vw - 30px )\" data-srcset=\"https:\/\/feuerwehr-kufstein.at\/wp-content\/uploads\/2026\/02\/WhatsApp-Image-2026-02-25-at-19.56.55-3-150x150.jpeg 150w, https:\/\/feuerwehr-kufstein.at\/wp-content\/uploads\/2026\/02\/WhatsApp-Image-2026-02-25-at-19.56.55-3-510x510.jpeg 510w\" src=\"data:image\/svg+xml;base64,PHN2ZyB3aWR0aD0iMSIgaGVpZ2h0PSIxIiB4bWxucz0iaHR0cDovL3d3dy53My5vcmcvMjAwMC9zdmciPjwvc3ZnPg==\" style=\"--smush-placeholder-width: 150px; --smush-placeholder-aspect-ratio: 150\/150;\" \/>\r\n                        <\/div><\/figure><figure class='gallery-item col col-auto'>\r\n                        <div class='gallery-icon portrait czr-gallery-icon'>\r\n                              <a data-lb-type=\"grouped-gallery\" href=https:\/\/feuerwehr-kufstein.at\/wp-content\/uploads\/2026\/02\/WhatsApp-Image-2026-02-25-at-19.56.55-1.jpeg class=\"bg-link\"><\/a><img decoding=\"async\" width=\"150\" height=\"150\" data-src=\"https:\/\/feuerwehr-kufstein.at\/wp-content\/uploads\/2026\/02\/WhatsApp-Image-2026-02-25-at-19.56.55-1-150x150.jpeg\" class=\"attachment-thumbnail size-thumbnail no-lazy lazyload\" alt=\"\" data-sizes=\"(min-width: 1200px) 350px, (min-width: 992px) 290px, (min-width: 768px) 210px, (min-width: 576px) 150px, calc( 50vw - 30px )\" data-srcset=\"https:\/\/feuerwehr-kufstein.at\/wp-content\/uploads\/2026\/02\/WhatsApp-Image-2026-02-25-at-19.56.55-1-150x150.jpeg 150w, https:\/\/feuerwehr-kufstein.at\/wp-content\/uploads\/2026\/02\/WhatsApp-Image-2026-02-25-at-19.56.55-1-510x510.jpeg 510w\" src=\"data:image\/svg+xml;base64,PHN2ZyB3aWR0aD0iMSIgaGVpZ2h0PSIxIiB4bWxucz0iaHR0cDovL3d3dy53My5vcmcvMjAwMC9zdmciPjwvc3ZnPg==\" style=\"--smush-placeholder-width: 150px; --smush-placeholder-aspect-ratio: 150\/150;\" \/>\r\n                        <\/div><\/figure><figure class='gallery-item col col-auto'>\r\n                        <div class='gallery-icon portrait czr-gallery-icon'>\r\n                              <a data-lb-type=\"grouped-gallery\" href=https:\/\/feuerwehr-kufstein.at\/wp-content\/uploads\/2026\/02\/WhatsApp-Image-2026-02-25-at-19.56.55.jpeg class=\"bg-link\"><\/a><img decoding=\"async\" width=\"150\" height=\"150\" data-src=\"https:\/\/feuerwehr-kufstein.at\/wp-content\/uploads\/2026\/02\/WhatsApp-Image-2026-02-25-at-19.56.55-150x150.jpeg\" class=\"attachment-thumbnail size-thumbnail no-lazy lazyload\" alt=\"\" data-sizes=\"(min-width: 1200px) 350px, (min-width: 992px) 290px, (min-width: 768px) 210px, (min-width: 576px) 150px, calc( 50vw - 30px )\" data-srcset=\"https:\/\/feuerwehr-kufstein.at\/wp-content\/uploads\/2026\/02\/WhatsApp-Image-2026-02-25-at-19.56.55-150x150.jpeg 150w, https:\/\/feuerwehr-kufstein.at\/wp-content\/uploads\/2026\/02\/WhatsApp-Image-2026-02-25-at-19.56.55-510x510.jpeg 510w\" src=\"data:image\/svg+xml;base64,PHN2ZyB3aWR0aD0iMSIgaGVpZ2h0PSIxIiB4bWxucz0iaHR0cDovL3d3dy53My5vcmcvMjAwMC9zdmciPjwvc3ZnPg==\" style=\"--smush-placeholder-width: 150px; --smush-placeholder-aspect-ratio: 150\/150;\" \/>\r\n                        <\/div><\/figure><figure class='gallery-item col col-auto'>\r\n                        <div class='gallery-icon portrait czr-gallery-icon'>\r\n                              <a data-lb-type=\"grouped-gallery\" href=https:\/\/feuerwehr-kufstein.at\/wp-content\/uploads\/2026\/02\/WhatsApp-Image-2026-02-25-at-19.56.55-2.jpeg class=\"bg-link\"><\/a><img decoding=\"async\" width=\"150\" height=\"150\" data-src=\"https:\/\/feuerwehr-kufstein.at\/wp-content\/uploads\/2026\/02\/WhatsApp-Image-2026-02-25-at-19.56.55-2-150x150.jpeg\" class=\"attachment-thumbnail size-thumbnail no-lazy lazyload\" alt=\"\" data-sizes=\"(min-width: 1200px) 350px, (min-width: 992px) 290px, (min-width: 768px) 210px, (min-width: 576px) 150px, calc( 50vw - 30px )\" data-srcset=\"https:\/\/feuerwehr-kufstein.at\/wp-content\/uploads\/2026\/02\/WhatsApp-Image-2026-02-25-at-19.56.55-2-150x150.jpeg 150w, https:\/\/feuerwehr-kufstein.at\/wp-content\/uploads\/2026\/02\/WhatsApp-Image-2026-02-25-at-19.56.55-2-510x510.jpeg 510w\" src=\"data:image\/svg+xml;base64,PHN2ZyB3aWR0aD0iMSIgaGVpZ2h0PSIxIiB4bWxucz0iaHR0cDovL3d3dy53My5vcmcvMjAwMC9zdmciPjwvc3ZnPg==\" style=\"--smush-placeholder-width: 150px; --smush-placeholder-aspect-ratio: 150\/150;\" \/>\r\n                        <\/div><\/figure><figure class='gallery-item col col-auto'>\r\n                        <div class='gallery-icon landscape czr-gallery-icon'>\r\n                              <a data-lb-type=\"grouped-gallery\" href=https:\/\/feuerwehr-kufstein.at\/wp-content\/uploads\/2026\/02\/WhatsApp-Image-2026-02-25-at-19.56.57.jpeg class=\"bg-link\"><\/a><img decoding=\"async\" width=\"150\" height=\"150\" data-src=\"https:\/\/feuerwehr-kufstein.at\/wp-content\/uploads\/2026\/02\/WhatsApp-Image-2026-02-25-at-19.56.57-150x150.jpeg\" class=\"attachment-thumbnail size-thumbnail no-lazy lazyload\" alt=\"\" data-sizes=\"(min-width: 1200px) 350px, (min-width: 992px) 290px, (min-width: 768px) 210px, (min-width: 576px) 150px, calc( 50vw - 30px )\" data-srcset=\"https:\/\/feuerwehr-kufstein.at\/wp-content\/uploads\/2026\/02\/WhatsApp-Image-2026-02-25-at-19.56.57-150x150.jpeg 150w, https:\/\/feuerwehr-kufstein.at\/wp-content\/uploads\/2026\/02\/WhatsApp-Image-2026-02-25-at-19.56.57-510x510.jpeg 510w\" src=\"data:image\/svg+xml;base64,PHN2ZyB3aWR0aD0iMSIgaGVpZ2h0PSIxIiB4bWxucz0iaHR0cDovL3d3dy53My5vcmcvMjAwMC9zdmciPjwvc3ZnPg==\" style=\"--smush-placeholder-width: 150px; --smush-placeholder-aspect-ratio: 150\/150;\" \/>\r\n                        <\/div><\/figure><figure class='gallery-item col col-auto'>\r\n                        <div class='gallery-icon landscape czr-gallery-icon'>\r\n                              <a data-lb-type=\"grouped-gallery\" href=https:\/\/feuerwehr-kufstein.at\/wp-content\/uploads\/2026\/02\/WhatsApp-Image-2026-02-25-at-19.56.55-4.jpeg class=\"bg-link\"><\/a><img decoding=\"async\" width=\"150\" height=\"150\" data-src=\"https:\/\/feuerwehr-kufstein.at\/wp-content\/uploads\/2026\/02\/WhatsApp-Image-2026-02-25-at-19.56.55-4-150x150.jpeg\" class=\"attachment-thumbnail size-thumbnail no-lazy lazyload\" alt=\"\" data-sizes=\"(min-width: 1200px) 350px, (min-width: 992px) 290px, (min-width: 768px) 210px, (min-width: 576px) 150px, calc( 50vw - 30px )\" data-srcset=\"https:\/\/feuerwehr-kufstein.at\/wp-content\/uploads\/2026\/02\/WhatsApp-Image-2026-02-25-at-19.56.55-4-150x150.jpeg 150w, https:\/\/feuerwehr-kufstein.at\/wp-content\/uploads\/2026\/02\/WhatsApp-Image-2026-02-25-at-19.56.55-4-510x510.jpeg 510w\" src=\"data:image\/svg+xml;base64,PHN2ZyB3aWR0aD0iMSIgaGVpZ2h0PSIxIiB4bWxucz0iaHR0cDovL3d3dy53My5vcmcvMjAwMC9zdmciPjwvc3ZnPg==\" style=\"--smush-placeholder-width: 150px; --smush-placeholder-aspect-ratio: 150\/150;\" \/>\r\n                        <\/div><\/figure>\r\n                  <\/div>\n\n<\/div>\n<div class=\"mt-3 w-full empty:hidden\">\n<div class=\"text-center\"><\/div>\n<\/div>\n<\/div>\n<\/div>\n<\/article>\n<\/div>\n<div class=\"pointer-events-none h-px w-px absolute bottom-0\" aria-hidden=\"true\" data-edge=\"true\"><\/div>\n","protected":false},"excerpt":{"rendered":"<p>Am Freitag, 20. Februar 2026 fand die 160. Jahreshauptversammlung der STADTFEUERWEHR Kufstein im Kultur Quartier Kufstein statt. Zahlreiche Ehreng\u00e4ste aus Politik, Verwaltung und befreundeten Blaulichtorganisationen nahmen an der Veranstaltung teil. R\u00fcckblick auf das Jahr 2025 Im Rahmen der Versammlung wurde die Einsatzstatistik des vergangenen Jahres pr\u00e4sentiert. Die STADTFEUERWEHR Kufstein leistete 409 Eins\u00e4tze und absolvierte 127 [&hellip;]<\/p>\n","protected":false},"author":9,"featured_media":12012,"comment_status":"closed","ping_status":"closed","sticky":false,"template":"","format":"standard","meta":{"footnotes":""},"categories":[63],"tags":[],"class_list":{"0":"post-11992","1":"post","2":"type-post","3":"status-publish","4":"format-standard","5":"has-post-thumbnail","7":"category-sonstiges","8":"czr-hentry"},"_links":{"self":[{"href":"https:\/\/feuerwehr-kufstein.at\/index.php?rest_route=\/wp\/v2\/posts\/11992","targetHints":{"allow":["GET"]}}],"collection":[{"href":"https:\/\/feuerwehr-kufstein.at\/index.php?rest_route=\/wp\/v2\/posts"}],"about":[{"href":"https:\/\/feuerwehr-kufstein.at\/index.php?rest_route=\/wp\/v2\/types\/post"}],"author":[{"embeddable":true,"href":"https:\/\/feuerwehr-kufstein.at\/index.php?rest_route=\/wp\/v2\/users\/9"}],"replies":[{"embeddable":true,"href":"https:\/\/feuerwehr-kufstein.at\/index.php?rest_route=%2Fwp%2Fv2%2Fcomments&post=11992"}],"version-history":[{"count":0,"href":"https:\/\/feuerwehr-kufstein.at\/index.php?rest_route=\/wp\/v2\/posts\/11992\/revisions"}],"wp:featuredmedia":[{"embeddable":true,"href":"https:\/\/feuerwehr-kufstein.at\/index.php?rest_route=\/wp\/v2\/media\/12012"}],"wp:attachment":[{"href":"https:\/\/feuerwehr-kufstein.at\/index.php?rest_route=%2Fwp%2Fv2%2Fmedia&parent=11992"}],"wp:term":[{"taxonomy":"category","embeddable":true,"href":"https:\/\/feuerwehr-kufstein.at\/index.php?rest_route=%2Fwp%2Fv2%2Fcategories&post=11992"},{"taxonomy":"post_tag","embeddable":true,"href":"https:\/\/feuerwehr-kufstein.at\/index.php?rest_route=%2Fwp%2Fv2%2Ftags&post=11992"}],"curies":[{"name":"wp","href":"https:\/\/api.w.org\/{rel}","templated":true}]}}