{"id":2649,"date":"2019-01-21T20:18:46","date_gmt":"2019-01-21T19:18:46","guid":{"rendered":"http:\/\/www.feuerwehr-kufstein.at\/?p=2649"},"modified":"2019-01-21T20:19:42","modified_gmt":"2019-01-21T19:19:42","slug":"%e2%9a%a0%ef%b8%8fschneelast-auf-daechern%e2%9a%a0%ef%b8%8f-jaenner-2019","status":"publish","type":"post","link":"https:\/\/feuerwehr-kufstein.at\/?p=2649","title":{"rendered":"\u26a0\ufe0fSchneelast auf D\u00e4chern &#8211; J\u00e4nner 2019\u26a0\ufe0f"},"content":{"rendered":"<p><span class=\"_5mfr\"><span class=\"_6qdm\">\u26a0\ufe0f<\/span><\/span>Schneelast auf D\u00e4chern<span class=\"_5mfr\"><span class=\"_6qdm\">\u26a0\ufe0f<\/span><\/span><\/p>\n<p>Die Leitstelle Tirol und die Tiroler Feuerwehren werden derzeit von vielen besorgten Hausbewohnern zum Thema Schneelast kontaktiert.<br \/>\nWir m\u00f6chten Sie dazu \u00fcber einige Punkte informieren.<\/p>\n<div class=\"text_exposed_show\">\n<p>Die Feuerwehr kann f\u00fcr die R\u00e4umung bzw. das Abschaufeln von D\u00e4chern grunds\u00e4tzlich nicht heran gezogen werden! Die Ausnahme bilden \u00f6ffentliche Geb\u00e4ude sowie die R\u00e4umung auf Anordnung der Beh\u00f6rde (B\u00fcrgermeister) und Objekte mit &#8222;Gefahr in Verzug&#8220;, das hei\u00dft: tats\u00e4chlich relevante oder akute Einsturzgefahr eines Objektes.<\/p>\n<p>Die Feuerwehr kann auch nicht beurteilen, ob ihr Geb\u00e4ude einsturzgef\u00e4hrdet ist. Ziehen Sie dazu einen Experten (Dachdecker, Statiker, &#8230;) heran, dieser kann die Situation richtig einsch\u00e4tzen und beurteilen.<\/p>\n<p>Grunds\u00e4tzlich ist im Zweifelsfall das Entfernen der Schneelast von den D\u00e4chern zu empfehlen. Sollten Sie die R\u00e4umung selber durchf\u00fchren, vergessen Sie niemals, sich zu sichern und das Dach nur mit einer entsprechenden Absturzsicherung (Geschirr, Gurt, Sicherungsleine) zu betreten!<\/p>\n<\/div>\n","protected":false},"excerpt":{"rendered":"<p>\u26a0\ufe0fSchneelast auf D\u00e4chern\u26a0\ufe0f Die Leitstelle Tirol und die Tiroler Feuerwehren werden derzeit von vielen besorgten Hausbewohnern zum Thema Schneelast kontaktiert. Wir m\u00f6chten Sie dazu \u00fcber einige Punkte informieren. Die Feuerwehr kann f\u00fcr die R\u00e4umung bzw. das Abschaufeln von D\u00e4chern grunds\u00e4tzlich nicht heran gezogen werden! Die Ausnahme bilden \u00f6ffentliche Geb\u00e4ude sowie die R\u00e4umung auf Anordnung der [&hellip;]<\/p>\n","protected":false},"author":2,"featured_media":2564,"comment_status":"closed","ping_status":"closed","sticky":false,"template":"","format":"standard","meta":{"footnotes":""},"categories":[64],"tags":[],"class_list":{"0":"post-2649","1":"post","2":"type-post","3":"status-publish","4":"format-standard","5":"has-post-thumbnail","7":"category-info-bevoelkerung","8":"czr-hentry"},"_links":{"self":[{"href":"https:\/\/feuerwehr-kufstein.at\/index.php?rest_route=\/wp\/v2\/posts\/2649","targetHints":{"allow":["GET"]}}],"collection":[{"href":"https:\/\/feuerwehr-kufstein.at\/index.php?rest_route=\/wp\/v2\/posts"}],"about":[{"href":"https:\/\/feuerwehr-kufstein.at\/index.php?rest_route=\/wp\/v2\/types\/post"}],"author":[{"embeddable":true,"href":"https:\/\/feuerwehr-kufstein.at\/index.php?rest_route=\/wp\/v2\/users\/2"}],"replies":[{"embeddable":true,"href":"https:\/\/feuerwehr-kufstein.at\/index.php?rest_route=%2Fwp%2Fv2%2Fcomments&post=2649"}],"version-history":[{"count":0,"href":"https:\/\/feuerwehr-kufstein.at\/index.php?rest_route=\/wp\/v2\/posts\/2649\/revisions"}],"wp:featuredmedia":[{"embeddable":true,"href":"https:\/\/feuerwehr-kufstein.at\/index.php?rest_route=\/wp\/v2\/media\/2564"}],"wp:attachment":[{"href":"https:\/\/feuerwehr-kufstein.at\/index.php?rest_route=%2Fwp%2Fv2%2Fmedia&parent=2649"}],"wp:term":[{"taxonomy":"category","embeddable":true,"href":"https:\/\/feuerwehr-kufstein.at\/index.php?rest_route=%2Fwp%2Fv2%2Fcategories&post=2649"},{"taxonomy":"post_tag","embeddable":true,"href":"https:\/\/feuerwehr-kufstein.at\/index.php?rest_route=%2Fwp%2Fv2%2Ftags&post=2649"}],"curies":[{"name":"wp","href":"https:\/\/api.w.org\/{rel}","templated":true}]}}