{"id":3587,"date":"2019-06-12T15:48:47","date_gmt":"2019-06-12T14:48:47","guid":{"rendered":"http:\/\/www.feuerwehr-kufstein.at\/?p=3587"},"modified":"2024-11-12T11:42:59","modified_gmt":"2024-11-12T10:42:59","slug":"hochwasserlage-12-6-19-um-1600uhr","status":"publish","type":"post","link":"https:\/\/feuerwehr-kufstein.at\/?p=3587","title":{"rendered":"Hochwasserlage 14. Juni 2019 &#8211; 10:30 Uhr"},"content":{"rendered":"<p><strong>Hochwasserlage Freitag, 14. Juni 2019 &#8211; 10:30 Uhr<\/strong><\/p>\n<p><strong>KEINE Gef\u00e4hrdung<\/strong> f\u00fcr die Stadtgemeinde Kufstein.<\/p>\n<p>Der Pegel des Inn ist fallend.<\/p>\n<p><strong>Die Sperren der beiden Inn-Stege in Endach und am Fischergries werden aufgehoben!<\/strong><\/p>\n<p>*********************************************************************************************************************<\/p>\n<p><strong>Hochwasserlage Donnerstag, 13. Juni 2019 &#8211; 09:50 Uhr<\/strong><\/p>\n<p><strong>Weiterhin KEINE akute Gef\u00e4hrdung<\/strong> f\u00fcr die Stadtgemeinde Kufstein.<\/p>\n<p>Die beiden Inn-Stege in Endach und am Fischergries bleiben gesperrt.<\/p>\n<p>Alle weiteren Br\u00fccken sind ungehindert passierbar.<\/p>\n<p>*********************************************************************************************************************<\/p>\n<p><strong>Hochwasserlage Mittwoch, 12. Juni 2019 &#8211; 16:00 Uhr<\/strong><\/p>\n<p><span style=\"color: #000000;\">Derzeit besteht f\u00fcr die Stadt Kufstein <strong>KEINE akute Gef\u00e4hrdung<\/strong> durch die aktuelle Hochwassersituation.<span style=\"color: #000080;\">\u00a0Pegelstand Inn Kufstein-Bahnhofsbr\u00fccke<\/span><\/span><\/p>\n<p><span style=\"color: #000000;\">Teilweise kommt es in ufernahen Bereichen zu kleineren Wasser\u00fcbertritten &#8211; diese betreffen jedoch keine relevanten Infrastruktureinrichtungen oder gar Wohnr\u00e4ume.<\/span><\/p>\n<p><span style=\"color: #000000;\">Die Stadt Kufstein (Stadtpolizei und Bauhof), Kraftwerksbetreiber, hydrologischer Dienst des Landes Tirol und die STADTFEUERWEHR Kufstein stehen in st\u00e4ndigem Kontakt zueinander und werden Sie so schnell wie m\u00f6glich \u00fcber eventuelle Lage\u00e4nderungen informieren.<\/span><\/p>\n<div id='gallery-1' class='czr-gallery row flex-row czr-gallery-style gallery galleryid-3587 gallery-columns-4 gallery-size-thumbnail'><figure class='gallery-item col col-auto'>\r\n                        <div class='gallery-icon landscape czr-gallery-icon'>\r\n                              <a data-lb-type=\"grouped-gallery\" title=\"Eisarena\" href=https:\/\/feuerwehr-kufstein.at\/wp-content\/uploads\/2019\/06\/IMG_20190612_162833-scaled.jpg class=\"bg-link\"><\/a><img decoding=\"async\" width=\"150\" height=\"150\" data-src=\"https:\/\/feuerwehr-kufstein.at\/wp-content\/uploads\/2019\/06\/IMG_20190612_162833-150x150.jpg\" class=\"attachment-thumbnail size-thumbnail no-lazy lazyload\" alt=\"\" data-sizes=\"(min-width: 1200px) 255px, (min-width: 992px) 210px, (min-width: 768px) 150px, (min-width: 576px) 105px, calc( 50vw - 30px )\" aria-describedby=\"gallery-1-3594\" data-srcset=\"https:\/\/feuerwehr-kufstein.at\/wp-content\/uploads\/2019\/06\/IMG_20190612_162833-150x150.jpg 150w, https:\/\/feuerwehr-kufstein.at\/wp-content\/uploads\/2019\/06\/IMG_20190612_162833-510x510.jpg 510w\" src=\"data:image\/svg+xml;base64,PHN2ZyB3aWR0aD0iMSIgaGVpZ2h0PSIxIiB4bWxucz0iaHR0cDovL3d3dy53My5vcmcvMjAwMC9zdmciPjwvc3ZnPg==\" style=\"--smush-placeholder-width: 150px; --smush-placeholder-aspect-ratio: 150\/150;\" \/>\r\n                        <\/div>\r\n                              <figcaption class='wp-caption-text gallery-caption' id='gallery-1-3594'>\r\n                              Eisarena\r\n                              <\/figcaption><\/figure><figure class='gallery-item col col-auto'>\r\n                        <div class='gallery-icon landscape czr-gallery-icon'>\r\n                              <a data-lb-type=\"grouped-gallery\" title=\"Richtung Kiefersfelden\" href=https:\/\/feuerwehr-kufstein.at\/wp-content\/uploads\/2019\/06\/IMG_20190612_162530-scaled.jpg class=\"bg-link\"><\/a><img decoding=\"async\" width=\"150\" height=\"150\" data-src=\"https:\/\/feuerwehr-kufstein.at\/wp-content\/uploads\/2019\/06\/IMG_20190612_162530-150x150.jpg\" class=\"attachment-thumbnail size-thumbnail no-lazy lazyload\" alt=\"\" data-sizes=\"(min-width: 1200px) 255px, (min-width: 992px) 210px, (min-width: 768px) 150px, (min-width: 576px) 105px, calc( 50vw - 30px )\" aria-describedby=\"gallery-1-3595\" data-srcset=\"https:\/\/feuerwehr-kufstein.at\/wp-content\/uploads\/2019\/06\/IMG_20190612_162530-150x150.jpg 150w, https:\/\/feuerwehr-kufstein.at\/wp-content\/uploads\/2019\/06\/IMG_20190612_162530-510x510.jpg 510w\" src=\"data:image\/svg+xml;base64,PHN2ZyB3aWR0aD0iMSIgaGVpZ2h0PSIxIiB4bWxucz0iaHR0cDovL3d3dy53My5vcmcvMjAwMC9zdmciPjwvc3ZnPg==\" style=\"--smush-placeholder-width: 150px; --smush-placeholder-aspect-ratio: 150\/150;\" \/>\r\n                        <\/div>\r\n                              <figcaption class='wp-caption-text gallery-caption' id='gallery-1-3595'>\r\n                              Richtung Kiefersfelden\r\n                              <\/figcaption><\/figure><figure class='gallery-item col col-auto'>\r\n                        <div class='gallery-icon landscape czr-gallery-icon'>\r\n                              <a data-lb-type=\"grouped-gallery\" title=\"Fischergries\" href=https:\/\/feuerwehr-kufstein.at\/wp-content\/uploads\/2019\/06\/IMG_20190612_163139-scaled.jpg class=\"bg-link\"><\/a><img decoding=\"async\" width=\"150\" height=\"150\" data-src=\"https:\/\/feuerwehr-kufstein.at\/wp-content\/uploads\/2019\/06\/IMG_20190612_163139-150x150.jpg\" class=\"attachment-thumbnail size-thumbnail no-lazy lazyload\" alt=\"\" data-sizes=\"(min-width: 1200px) 255px, (min-width: 992px) 210px, (min-width: 768px) 150px, (min-width: 576px) 105px, calc( 50vw - 30px )\" aria-describedby=\"gallery-1-3592\" data-srcset=\"https:\/\/feuerwehr-kufstein.at\/wp-content\/uploads\/2019\/06\/IMG_20190612_163139-150x150.jpg 150w, https:\/\/feuerwehr-kufstein.at\/wp-content\/uploads\/2019\/06\/IMG_20190612_163139-510x510.jpg 510w\" src=\"data:image\/svg+xml;base64,PHN2ZyB3aWR0aD0iMSIgaGVpZ2h0PSIxIiB4bWxucz0iaHR0cDovL3d3dy53My5vcmcvMjAwMC9zdmciPjwvc3ZnPg==\" style=\"--smush-placeholder-width: 150px; --smush-placeholder-aspect-ratio: 150\/150;\" \/>\r\n                        <\/div>\r\n                              <figcaption class='wp-caption-text gallery-caption' id='gallery-1-3592'>\r\n                              Fischergries\r\n                              <\/figcaption><\/figure><figure class='gallery-item col col-auto'>\r\n                        <div class='gallery-icon portrait czr-gallery-icon'>\r\n                              <a data-lb-type=\"grouped-gallery\" title=\"M\u00fcnchnerstrasse\" href=https:\/\/feuerwehr-kufstein.at\/wp-content\/uploads\/2019\/06\/IMG-20190612-WA0013.jpg class=\"bg-link\"><\/a><img decoding=\"async\" width=\"150\" height=\"150\" data-src=\"https:\/\/feuerwehr-kufstein.at\/wp-content\/uploads\/2019\/06\/IMG-20190612-WA0013-150x150.jpg\" class=\"attachment-thumbnail size-thumbnail no-lazy lazyload\" alt=\"\" data-sizes=\"(min-width: 1200px) 255px, (min-width: 992px) 210px, (min-width: 768px) 150px, (min-width: 576px) 105px, calc( 50vw - 30px )\" aria-describedby=\"gallery-1-3591\" data-srcset=\"https:\/\/feuerwehr-kufstein.at\/wp-content\/uploads\/2019\/06\/IMG-20190612-WA0013-150x150.jpg 150w, https:\/\/feuerwehr-kufstein.at\/wp-content\/uploads\/2019\/06\/IMG-20190612-WA0013-510x510.jpg 510w\" src=\"data:image\/svg+xml;base64,PHN2ZyB3aWR0aD0iMSIgaGVpZ2h0PSIxIiB4bWxucz0iaHR0cDovL3d3dy53My5vcmcvMjAwMC9zdmciPjwvc3ZnPg==\" style=\"--smush-placeholder-width: 150px; --smush-placeholder-aspect-ratio: 150\/150;\" \/>\r\n                        <\/div>\r\n                              <figcaption class='wp-caption-text gallery-caption' id='gallery-1-3591'>\r\n                              M\u00fcnchnerstrasse\r\n                              <\/figcaption><\/figure><figure class='gallery-item col col-auto'>\r\n                        <div class='gallery-icon portrait czr-gallery-icon'>\r\n                              <a data-lb-type=\"grouped-gallery\" title=\"M\u00fcnchnerstrasse\" href=https:\/\/feuerwehr-kufstein.at\/wp-content\/uploads\/2019\/06\/DSCN0730-e1560362561210-scaled.jpg class=\"bg-link\"><\/a><img decoding=\"async\" width=\"150\" height=\"150\" data-src=\"https:\/\/feuerwehr-kufstein.at\/wp-content\/uploads\/2019\/06\/DSCN0730-e1560362561210-150x150.jpg\" class=\"attachment-thumbnail size-thumbnail no-lazy lazyload\" alt=\"\" data-sizes=\"(min-width: 1200px) 255px, (min-width: 992px) 210px, (min-width: 768px) 150px, (min-width: 576px) 105px, calc( 50vw - 30px )\" aria-describedby=\"gallery-1-3629\" data-srcset=\"https:\/\/feuerwehr-kufstein.at\/wp-content\/uploads\/2019\/06\/DSCN0730-e1560362561210-150x150.jpg 150w, https:\/\/feuerwehr-kufstein.at\/wp-content\/uploads\/2019\/06\/DSCN0730-e1560362561210-510x510.jpg 510w\" src=\"data:image\/svg+xml;base64,PHN2ZyB3aWR0aD0iMSIgaGVpZ2h0PSIxIiB4bWxucz0iaHR0cDovL3d3dy53My5vcmcvMjAwMC9zdmciPjwvc3ZnPg==\" style=\"--smush-placeholder-width: 150px; --smush-placeholder-aspect-ratio: 150\/150;\" \/>\r\n                        <\/div>\r\n                              <figcaption class='wp-caption-text gallery-caption' id='gallery-1-3629'>\r\n                              M\u00fcnchnerstrasse\r\n                              <\/figcaption><\/figure><figure class='gallery-item col col-auto'>\r\n                        <div class='gallery-icon portrait czr-gallery-icon'>\r\n                              <a data-lb-type=\"grouped-gallery\" title=\"M\u00fcnchnerstrasse\" href=https:\/\/feuerwehr-kufstein.at\/wp-content\/uploads\/2019\/06\/DSCN0728-e1560362624727-scaled.jpg class=\"bg-link\"><\/a><img decoding=\"async\" width=\"150\" height=\"150\" data-src=\"https:\/\/feuerwehr-kufstein.at\/wp-content\/uploads\/2019\/06\/DSCN0728-e1560362624727-150x150.jpg\" class=\"attachment-thumbnail size-thumbnail no-lazy lazyload\" alt=\"\" data-sizes=\"(min-width: 1200px) 255px, (min-width: 992px) 210px, (min-width: 768px) 150px, (min-width: 576px) 105px, calc( 50vw - 30px )\" aria-describedby=\"gallery-1-3627\" data-srcset=\"https:\/\/feuerwehr-kufstein.at\/wp-content\/uploads\/2019\/06\/DSCN0728-e1560362624727-150x150.jpg 150w, https:\/\/feuerwehr-kufstein.at\/wp-content\/uploads\/2019\/06\/DSCN0728-e1560362624727-510x510.jpg 510w\" src=\"data:image\/svg+xml;base64,PHN2ZyB3aWR0aD0iMSIgaGVpZ2h0PSIxIiB4bWxucz0iaHR0cDovL3d3dy53My5vcmcvMjAwMC9zdmciPjwvc3ZnPg==\" style=\"--smush-placeholder-width: 150px; --smush-placeholder-aspect-ratio: 150\/150;\" \/>\r\n                        <\/div>\r\n                              <figcaption class='wp-caption-text gallery-caption' id='gallery-1-3627'>\r\n                              M\u00fcnchnerstrasse\r\n                              <\/figcaption><\/figure><figure class='gallery-item col col-auto'>\r\n                        <div class='gallery-icon landscape czr-gallery-icon'>\r\n                              <a data-lb-type=\"grouped-gallery\" title=\"M\u00fcnchnerstrasse\" href=https:\/\/feuerwehr-kufstein.at\/wp-content\/uploads\/2019\/06\/DSCN0716-scaled.jpg class=\"bg-link\"><\/a><img decoding=\"async\" width=\"150\" height=\"150\" data-src=\"https:\/\/feuerwehr-kufstein.at\/wp-content\/uploads\/2019\/06\/DSCN0716-150x150.jpg\" class=\"attachment-thumbnail size-thumbnail no-lazy lazyload\" alt=\"\" data-sizes=\"(min-width: 1200px) 255px, (min-width: 992px) 210px, (min-width: 768px) 150px, (min-width: 576px) 105px, calc( 50vw - 30px )\" aria-describedby=\"gallery-1-3615\" data-srcset=\"https:\/\/feuerwehr-kufstein.at\/wp-content\/uploads\/2019\/06\/DSCN0716-150x150.jpg 150w, https:\/\/feuerwehr-kufstein.at\/wp-content\/uploads\/2019\/06\/DSCN0716-510x510.jpg 510w\" src=\"data:image\/svg+xml;base64,PHN2ZyB3aWR0aD0iMSIgaGVpZ2h0PSIxIiB4bWxucz0iaHR0cDovL3d3dy53My5vcmcvMjAwMC9zdmciPjwvc3ZnPg==\" style=\"--smush-placeholder-width: 150px; --smush-placeholder-aspect-ratio: 150\/150;\" \/>\r\n                        <\/div>\r\n                              <figcaption class='wp-caption-text gallery-caption' id='gallery-1-3615'>\r\n                              M\u00fcnchnerstrasse\r\n                              <\/figcaption><\/figure><figure class='gallery-item col col-auto'>\r\n                        <div class='gallery-icon landscape czr-gallery-icon'>\r\n                              <a data-lb-type=\"grouped-gallery\" title=\"M\u00fcnchnerstrasse\" href=https:\/\/feuerwehr-kufstein.at\/wp-content\/uploads\/2019\/06\/DSCN0714-scaled.jpg class=\"bg-link\"><\/a><img decoding=\"async\" width=\"150\" height=\"150\" data-src=\"https:\/\/feuerwehr-kufstein.at\/wp-content\/uploads\/2019\/06\/DSCN0714-150x150.jpg\" class=\"attachment-thumbnail size-thumbnail no-lazy lazyload\" alt=\"\" data-sizes=\"(min-width: 1200px) 255px, (min-width: 992px) 210px, (min-width: 768px) 150px, (min-width: 576px) 105px, calc( 50vw - 30px )\" aria-describedby=\"gallery-1-3613\" data-srcset=\"https:\/\/feuerwehr-kufstein.at\/wp-content\/uploads\/2019\/06\/DSCN0714-150x150.jpg 150w, https:\/\/feuerwehr-kufstein.at\/wp-content\/uploads\/2019\/06\/DSCN0714-510x510.jpg 510w\" src=\"data:image\/svg+xml;base64,PHN2ZyB3aWR0aD0iMSIgaGVpZ2h0PSIxIiB4bWxucz0iaHR0cDovL3d3dy53My5vcmcvMjAwMC9zdmciPjwvc3ZnPg==\" style=\"--smush-placeholder-width: 150px; --smush-placeholder-aspect-ratio: 150\/150;\" \/>\r\n                        <\/div>\r\n                              <figcaption class='wp-caption-text gallery-caption' id='gallery-1-3613'>\r\n                              M\u00fcnchnerstrasse\r\n                              <\/figcaption><\/figure>\r\n                  <\/div>\n\n<h3 style=\"text-align: center;\"><a href=\"https:\/\/www.facebook.com\/pg\/Feuerwehr.Kufstein\/\" target=\"_blank\" rel=\"noopener noreferrer\"><span style=\"color: #ff0000;\">aktuelle Entwicklungen entnehmen Sie bitte aus unserer facebook-Seite<\/span><\/a><\/h3>\n","protected":false},"excerpt":{"rendered":"<p>Hochwasserlage Freitag, 14. Juni 2019 &#8211; 10:30 Uhr KEINE Gef\u00e4hrdung f\u00fcr die Stadtgemeinde Kufstein. Der Pegel des Inn ist fallend. Die Sperren der beiden Inn-Stege in Endach und am Fischergries werden aufgehoben! ********************************************************************************************************************* Hochwasserlage Donnerstag, 13. Juni 2019 &#8211; 09:50 Uhr Weiterhin KEINE akute Gef\u00e4hrdung f\u00fcr die Stadtgemeinde Kufstein. Die beiden Inn-Stege in Endach und [&hellip;]<\/p>\n","protected":false},"author":4,"featured_media":3592,"comment_status":"closed","ping_status":"closed","sticky":false,"template":"","format":"standard","meta":{"footnotes":""},"categories":[64],"tags":[],"class_list":{"0":"post-3587","1":"post","2":"type-post","3":"status-publish","4":"format-standard","5":"has-post-thumbnail","7":"category-info-bevoelkerung","8":"czr-hentry"},"_links":{"self":[{"href":"https:\/\/feuerwehr-kufstein.at\/index.php?rest_route=\/wp\/v2\/posts\/3587","targetHints":{"allow":["GET"]}}],"collection":[{"href":"https:\/\/feuerwehr-kufstein.at\/index.php?rest_route=\/wp\/v2\/posts"}],"about":[{"href":"https:\/\/feuerwehr-kufstein.at\/index.php?rest_route=\/wp\/v2\/types\/post"}],"author":[{"embeddable":true,"href":"https:\/\/feuerwehr-kufstein.at\/index.php?rest_route=\/wp\/v2\/users\/4"}],"replies":[{"embeddable":true,"href":"https:\/\/feuerwehr-kufstein.at\/index.php?rest_route=%2Fwp%2Fv2%2Fcomments&post=3587"}],"version-history":[{"count":0,"href":"https:\/\/feuerwehr-kufstein.at\/index.php?rest_route=\/wp\/v2\/posts\/3587\/revisions"}],"wp:featuredmedia":[{"embeddable":true,"href":"https:\/\/feuerwehr-kufstein.at\/index.php?rest_route=\/wp\/v2\/media\/3592"}],"wp:attachment":[{"href":"https:\/\/feuerwehr-kufstein.at\/index.php?rest_route=%2Fwp%2Fv2%2Fmedia&parent=3587"}],"wp:term":[{"taxonomy":"category","embeddable":true,"href":"https:\/\/feuerwehr-kufstein.at\/index.php?rest_route=%2Fwp%2Fv2%2Fcategories&post=3587"},{"taxonomy":"post_tag","embeddable":true,"href":"https:\/\/feuerwehr-kufstein.at\/index.php?rest_route=%2Fwp%2Fv2%2Ftags&post=3587"}],"curies":[{"name":"wp","href":"https:\/\/api.w.org\/{rel}","templated":true}]}}