{"id":5343,"date":"2020-02-09T18:38:15","date_gmt":"2020-02-09T17:38:15","guid":{"rendered":"http:\/\/www.feuerwehr-kufstein.at\/?p=5343"},"modified":"2020-02-12T20:03:28","modified_gmt":"2020-02-12T19:03:28","slug":"bevoelkerungsinfo-zu-sturmtief-sabine-10-und-11-02-2020","status":"publish","type":"post","link":"https:\/\/feuerwehr-kufstein.at\/?p=5343","title":{"rendered":"BEV\u00d6LKERUNGSINFO zu Sturmtief &#8222;SABINE&#8220; &#8211; 10. und 11.02.2020"},"content":{"rendered":"<div data-contents=\"true\">\n<div data-editor=\"2799f\" data-block=\"true\" data-offset-key=\"bf85j-0-0\"><strong><span style=\"color: #ff0000;\">BEV\u00d6LKERUNGSINFORMATION:<\/span><\/strong><\/div>\n<\/div>\n<div data-editor=\"2799f\" data-block=\"true\" data-offset-key=\"bf85j-0-0\"><\/div>\n<div data-editor=\"2799f\" data-block=\"true\" data-offset-key=\"bf85j-0-0\"><span style=\"color: #0000ff;\"><strong>NACHTRAG !!!<\/strong><\/span><\/div>\n<div data-editor=\"2799f\" data-block=\"true\" data-offset-key=\"bf85j-0-0\"><span style=\"color: #0000ff;\"><strong>Ende der Gefahrensituation Mittwoch, 12.02.2020, seit 06:00 Uhr<\/strong><\/span><\/div>\n<div data-editor=\"2799f\" data-block=\"true\" data-offset-key=\"bf85j-0-0\"><\/div>\n<div data-offset-key=\"9sa24-0-0\">\n<p><strong>Sturmtief &#8222;SABINE&#8220; wird auch Tirol und das Tiroler Unterland erreichen.<\/strong><\/p>\n<p>Erste Vorboten durch auffrischenden Wind waren bereits am Sonntag Nachmittag, den 09.02.2020, sp\u00fcrbar.<\/p>\n<p>In der Nacht zum Montag, den 10.02.2020, kommt die Front aus Norden, also von Bayern her, immer n\u00e4her.<\/p>\n<p>Ab der zweiten Nachth\u00e4lfte bzw. den fr\u00fchen Vormittagsstunden des Montag, 10.02.2020, soll der Hauptteil der Sturmfront Tirol erreichen bzw. durchqueren. <strong>Hierbei k\u00f6nnen starke Windb\u00f6en entlang des Inntales, sohin auch im Stadtgebiet von Kufstein, auftreten.<\/strong><\/p>\n<p>Auch muss mit starken Regenf\u00e4llen in den Bezirken Kufstein und Kitzb\u00fchel gerechnet werden. Starker Schneefall begleitet das Tief ab etwa 800 bis 1.000 Meter Seeh\u00f6he.<\/p>\n<p>Die Gefahrenlage wird uns bis Dienstag Abend, den 11.02.2020, begleiten.<\/p>\n<p><strong><span style=\"color: #ff0000;\">Es wird daher empfohlen &#8211; falls m\u00f6glich &#8211; sich w\u00e4hrend der Hauptlast der Sturmb\u00f6en NICHT im Freien, unter B\u00e4umen, neben Bauz\u00e4unen oder im Wald aufzuhalten!<\/span><\/strong><\/p>\n<p><strong><span style=\"color: #ff0000;\">Als erste Vorsichtsma\u00dfnahme sollten Sie Ihre M\u00f6bel und sonstigen freistehenden Gegenst\u00e4nde aus G\u00e4rten und von Balkonen entfernen und diese vor\u00fcbergehend in Sicherheit (Garage, Keller, Wohnung) bringen!<\/span><\/strong><\/p>\n<p><strong><em><span style=\"color: #ff6600;\">Notrufe:<\/span> <\/em><\/strong><\/p>\n<p><strong>Feuerwehr \u2013 122<\/strong><\/p>\n<p><strong>Rettung \u2013 144<\/strong><\/p>\n<p><strong>Polizei &#8211; 133<\/strong><\/p>\n<\/div>\n<div data-offset-key=\"9sa24-0-0\"><\/div>\n<div data-offset-key=\"9sa24-0-0\"><img decoding=\"async\" class=\"alignnone size-medium wp-image-5345 lazyload\" data-src=\"https:\/\/feuerwehr-kufstein.at\/wp-content\/uploads\/2020\/02\/IMG_2287-300x192.jpg\" alt=\"\" width=\"300\" height=\"192\" data-srcset=\"https:\/\/feuerwehr-kufstein.at\/wp-content\/uploads\/2020\/02\/IMG_2287-300x192.jpg 300w, https:\/\/feuerwehr-kufstein.at\/wp-content\/uploads\/2020\/02\/IMG_2287.jpg 619w\" data-sizes=\"(max-width: 300px) 100vw, 300px\" src=\"data:image\/svg+xml;base64,PHN2ZyB3aWR0aD0iMSIgaGVpZ2h0PSIxIiB4bWxucz0iaHR0cDovL3d3dy53My5vcmcvMjAwMC9zdmciPjwvc3ZnPg==\" style=\"--smush-placeholder-width: 300px; --smush-placeholder-aspect-ratio: 300\/192;\" \/><\/div>\n<div data-offset-key=\"9sa24-0-0\"><\/div>\n<div data-offset-key=\"9sa24-0-0\"><\/div>\n<div data-offset-key=\"9sa24-0-0\"><\/div>\n<div data-offset-key=\"9sa24-0-0\"><\/div>\n","protected":false},"excerpt":{"rendered":"<p>BEV\u00d6LKERUNGSINFORMATION: NACHTRAG !!! Ende der Gefahrensituation Mittwoch, 12.02.2020, seit 06:00 Uhr Sturmtief &#8222;SABINE&#8220; wird auch Tirol und das Tiroler Unterland erreichen. Erste Vorboten durch auffrischenden Wind waren bereits am Sonntag Nachmittag, den 09.02.2020, sp\u00fcrbar. In der Nacht zum Montag, den 10.02.2020, kommt die Front aus Norden, also von Bayern her, immer n\u00e4her. Ab der zweiten [&hellip;]<\/p>\n","protected":false},"author":4,"featured_media":5344,"comment_status":"closed","ping_status":"closed","sticky":false,"template":"","format":"standard","meta":{"footnotes":""},"categories":[64],"tags":[],"class_list":{"0":"post-5343","1":"post","2":"type-post","3":"status-publish","4":"format-standard","5":"has-post-thumbnail","7":"category-info-bevoelkerung","8":"czr-hentry"},"_links":{"self":[{"href":"https:\/\/feuerwehr-kufstein.at\/index.php?rest_route=\/wp\/v2\/posts\/5343","targetHints":{"allow":["GET"]}}],"collection":[{"href":"https:\/\/feuerwehr-kufstein.at\/index.php?rest_route=\/wp\/v2\/posts"}],"about":[{"href":"https:\/\/feuerwehr-kufstein.at\/index.php?rest_route=\/wp\/v2\/types\/post"}],"author":[{"embeddable":true,"href":"https:\/\/feuerwehr-kufstein.at\/index.php?rest_route=\/wp\/v2\/users\/4"}],"replies":[{"embeddable":true,"href":"https:\/\/feuerwehr-kufstein.at\/index.php?rest_route=%2Fwp%2Fv2%2Fcomments&post=5343"}],"version-history":[{"count":0,"href":"https:\/\/feuerwehr-kufstein.at\/index.php?rest_route=\/wp\/v2\/posts\/5343\/revisions"}],"wp:featuredmedia":[{"embeddable":true,"href":"https:\/\/feuerwehr-kufstein.at\/index.php?rest_route=\/wp\/v2\/media\/5344"}],"wp:attachment":[{"href":"https:\/\/feuerwehr-kufstein.at\/index.php?rest_route=%2Fwp%2Fv2%2Fmedia&parent=5343"}],"wp:term":[{"taxonomy":"category","embeddable":true,"href":"https:\/\/feuerwehr-kufstein.at\/index.php?rest_route=%2Fwp%2Fv2%2Fcategories&post=5343"},{"taxonomy":"post_tag","embeddable":true,"href":"https:\/\/feuerwehr-kufstein.at\/index.php?rest_route=%2Fwp%2Fv2%2Ftags&post=5343"}],"curies":[{"name":"wp","href":"https:\/\/api.w.org\/{rel}","templated":true}]}}