{"id":5491,"date":"2020-03-31T13:41:45","date_gmt":"2020-03-31T12:41:45","guid":{"rendered":"http:\/\/www.feuerwehr-kufstein.at\/?p=5491"},"modified":"2020-03-31T13:52:27","modified_gmt":"2020-03-31T12:52:27","slug":"verbot-von-osterfeuern","status":"publish","type":"post","link":"https:\/\/feuerwehr-kufstein.at\/?p=5491","title":{"rendered":"Verbot von Osterfeuern"},"content":{"rendered":"<p><strong>Liebe Kufsteinerinnen und Kufsteiner!<\/strong><\/p>\n<p>Aufgrund von vermehrten Anfragen an das Land Tirol m\u00f6chten wir darauf hinweisen, dass aus folgenden \u00dcberlegungen <strong>die Abhaltung von Osterfeuern NICHT erlaubt ist<\/strong>:<\/p>\n<p>Aufgrund der Verordnung des Landeshauptmannes vom 20. M\u00e4rz 2020, LGBl. 35\/2020, nach \u00a7 2 Z 2 des COVID-19\u2014Ma\u00dfnahmengesetzes,\u00a0 ist nach \u00a7 4 Abs. 1 das Verlassen des eigenen Wohnsitzes (2 Abs. 6) verboten.<\/p>\n<p><em><strong>Nach wie vor gelten lediglich die folgenden Ausnahmetatbest\u00e4nde:<\/strong><\/em><\/p>\n<p>Nach \u00a7 4 Abs. 2 ist vom Verbot nach Abs. 1 das Verlassen des eigenen Wohnsitzes aus triftigen Gr\u00fcnden zur Deckung von Grundbed\u00fcrfnissen ausgenommen. Das Verlassen des eigenen Wohnsitzes ist dabei auf ein zeitlich und \u00f6rtlich unbedingt notwendiges Minimum zu beschr\u00e4nken.<\/p>\n<p>Nach \u00a7 4 Abs. 5 sind triftige Gr\u00fcnde zur Deckung von Grundbed\u00fcrfnissen, die ein Verlassen des eigenen Wohnsitzes rechtfertigen, die Aus\u00fcbung beruflicher T\u00e4tigkeiten, die Inanspruchnahme medizinischer und veterin\u00e4rmedizinischer Versorgungsleistungen (z.B. Arztbesuch, medizinische Behandlungen, Therapie), sonstige Handlungen zur Versorgung der Grundbed\u00fcrfnisse ( z.B. Lebensmitteleinkauf, gang zur Apotheke oder zum Geldautomat, Besuch bei alten, Kranken oder Menschen mit Einschr\u00e4nkungen in ihrem jeweiligen privaten Bereich) und Handlungen zur Versorgung von Tieren.<\/p>\n<p><strong> Diese triftigen Gr\u00fcnde sind im Falle von Kontrollen durch die Organe des \u00f6ffentlichen Sicherheitsdienstes glaubhaft zu machen.<\/strong><\/p>\n<p>Im Rahmen der Osterfeierlichkeiten ist heuer aufgrund der aktuellen Lage das Abbrennen jeglicher Feuer verboten. Die traditionellen Osterfeuer k\u00f6nnen somit \u2013 wie auch die kirchlichen Osterfeierlichkeiten \u2013 leider nicht wie gewohnt durchgef\u00fchrt werden. Zum einen erlauben die Verkehrsbeschr\u00e4nkungen das Verlassen des Hauses wie angef\u00fchrt nur aus triftigen Gr\u00fcnden, zum anderen gilt es, die Einsatzkr\u00e4fte nicht zus\u00e4tzlich zu beanspruchen.<\/p>\n<p>Im vergangenen Jahr mussten die Tiroler Feuerwehren auch zu 22 Eins\u00e4tzen mit Osterfeuern ausr\u00fccken. Aufgrund des niederschlagsarmen Winters besteht abh\u00e4ngig von der aktuellen Witterung zudem eine erh\u00f6hte Waldbrandgefahr.<\/p>\n<p>Eure<\/p>\n<p>STADTFEUERWEHR Kufstein<\/p>\n","protected":false},"excerpt":{"rendered":"<p>Liebe Kufsteinerinnen und Kufsteiner! Aufgrund von vermehrten Anfragen an das Land Tirol m\u00f6chten wir darauf hinweisen, dass aus folgenden \u00dcberlegungen die Abhaltung von Osterfeuern NICHT erlaubt ist: Aufgrund der Verordnung des Landeshauptmannes vom 20. M\u00e4rz 2020, LGBl. 35\/2020, nach \u00a7 2 Z 2 des COVID-19\u2014Ma\u00dfnahmengesetzes,\u00a0 ist nach \u00a7 4 Abs. 1 das Verlassen des eigenen [&hellip;]<\/p>\n","protected":false},"author":4,"featured_media":5492,"comment_status":"closed","ping_status":"closed","sticky":false,"template":"","format":"standard","meta":{"footnotes":""},"categories":[64],"tags":[],"class_list":{"0":"post-5491","1":"post","2":"type-post","3":"status-publish","4":"format-standard","5":"has-post-thumbnail","7":"category-info-bevoelkerung","8":"czr-hentry"},"_links":{"self":[{"href":"https:\/\/feuerwehr-kufstein.at\/index.php?rest_route=\/wp\/v2\/posts\/5491","targetHints":{"allow":["GET"]}}],"collection":[{"href":"https:\/\/feuerwehr-kufstein.at\/index.php?rest_route=\/wp\/v2\/posts"}],"about":[{"href":"https:\/\/feuerwehr-kufstein.at\/index.php?rest_route=\/wp\/v2\/types\/post"}],"author":[{"embeddable":true,"href":"https:\/\/feuerwehr-kufstein.at\/index.php?rest_route=\/wp\/v2\/users\/4"}],"replies":[{"embeddable":true,"href":"https:\/\/feuerwehr-kufstein.at\/index.php?rest_route=%2Fwp%2Fv2%2Fcomments&post=5491"}],"version-history":[{"count":0,"href":"https:\/\/feuerwehr-kufstein.at\/index.php?rest_route=\/wp\/v2\/posts\/5491\/revisions"}],"wp:featuredmedia":[{"embeddable":true,"href":"https:\/\/feuerwehr-kufstein.at\/index.php?rest_route=\/wp\/v2\/media\/5492"}],"wp:attachment":[{"href":"https:\/\/feuerwehr-kufstein.at\/index.php?rest_route=%2Fwp%2Fv2%2Fmedia&parent=5491"}],"wp:term":[{"taxonomy":"category","embeddable":true,"href":"https:\/\/feuerwehr-kufstein.at\/index.php?rest_route=%2Fwp%2Fv2%2Fcategories&post=5491"},{"taxonomy":"post_tag","embeddable":true,"href":"https:\/\/feuerwehr-kufstein.at\/index.php?rest_route=%2Fwp%2Fv2%2Ftags&post=5491"}],"curies":[{"name":"wp","href":"https:\/\/api.w.org\/{rel}","templated":true}]}}