{"id":5768,"date":"2020-06-19T12:51:39","date_gmt":"2020-06-19T11:51:39","guid":{"rendered":"http:\/\/www.feuerwehr-kufstein.at\/?p=5768"},"modified":"2020-06-19T12:51:39","modified_gmt":"2020-06-19T11:51:39","slug":"brauchtumsfeuer-sommersonnenwende-2020","status":"publish","type":"post","link":"https:\/\/feuerwehr-kufstein.at\/?p=5768","title":{"rendered":"Brauchtumsfeuer &#8222;Sommersonnenwende 2020&#8220;"},"content":{"rendered":"<p><strong>ACHTUNG Brauchtumsfeuer<\/strong><\/p>\n<p>Morgen Samstag, den 20. Juni 2020, werden wieder unz\u00e4hlige Brauchtumsfeuer brennen.<\/p>\n<p>Wir bitten Euch besondere Vorsicht walten zu lassen, um keine unn\u00f6tigen Eins\u00e4tze f\u00fcr die Tiroler Feuerwehren zu verursachen.<\/p>\n<div class=\"text_exposed_show\">\n<p>Anbei findet Ihr einen Informationslink des Landesfeuerwehrverbandes Tirol.<\/p>\n<p>Vielen Dank<\/p>\n<p><a href=\"https:\/\/www.feuerwehr.tirol\/gefahrenpotential-brauchtumsfeuer\/?fbclid=IwAR2AbxROb_sNW8-YMmHuWN8C3myWw9r5-l4zZTYOuYFU47gW3iLwyV5Dfo4\" target=\"_blank\" rel=\"nofollow noopener noreferrer\" data-ft=\"{&quot;tn&quot;:&quot;-U&quot;}\" data-lynx-mode=\"async\" data-lynx-uri=\"https:\/\/l.facebook.com\/l.php?u=https%3A%2F%2Fwww.feuerwehr.tirol%2Fgefahrenpotential-brauchtumsfeuer%2F%3Ffbclid%3DIwAR2AbxROb_sNW8-YMmHuWN8C3myWw9r5-l4zZTYOuYFU47gW3iLwyV5Dfo4&amp;h=AT1w_QtB5brwphz-D3AeTfu4629dSd1DAEQq7ZNZ0YT1oTBWP9eazD6_kMndrt-f2zFFsjYgmzAF61Y6-Kv4v2FnFvvQ1KIQn6NeyVCIfUBer6C0wDMo9lKe-Ma-p1f7GRWmWCa5n6vANWF3zkEdABNtDMxJfb2b1OTzdf9s42lPmEr54SEkH2NlQpG5vWoLJeU8zc06gVvKULYIhWU6LnYkkVR-6jdNvcjp_bORB5432m0G4ZNel9vMzlPOyhE8x4JSUZdreWghdVdxT7MPM9hnR6YfX5AtGTZ3YMwWdcY9gD6wpIT8GjrDTTbz56m6Or47wj6VOvc8-WB_fw3r9sU_83K9xQolQ7k994mJ1_EZuMZevAWRPeflR8gzZ9YQ2hyefsYJGMlh_Bvkcu7MjGO31uzB5h6VKTqUEBbKVvtHkQOe_7FuKa33UtLIQ7dHSsS7beu6xoRH07-jn597mfYIMZ5cqd-7T2vZRApVhJUY3M4MWYJLJyk5bwh85nf0KgRmYQdyRejqFw_Eu6WqH0Sqjv_cQUfCOAsZQ7wTMlPLUSUIyfC1K0CFgXRkUoRDAyzqfxPqNdHkxkVNsysyA-WSs8fHwUewiNG4IcyoBsMbV8F1bHcSf4QL\">https:\/\/www.feuerwehr.tirol\/gefahrenpotential-brauchtumsfe\u2026\/<\/a><\/p>\n<\/div>\n","protected":false},"excerpt":{"rendered":"<p>ACHTUNG Brauchtumsfeuer Morgen Samstag, den 20. Juni 2020, werden wieder unz\u00e4hlige Brauchtumsfeuer brennen. Wir bitten Euch besondere Vorsicht walten zu lassen, um keine unn\u00f6tigen Eins\u00e4tze f\u00fcr die Tiroler Feuerwehren zu verursachen. Anbei findet Ihr einen Informationslink des Landesfeuerwehrverbandes Tirol. Vielen Dank https:\/\/www.feuerwehr.tirol\/gefahrenpotential-brauchtumsfe\u2026\/<\/p>\n","protected":false},"author":4,"featured_media":5769,"comment_status":"closed","ping_status":"closed","sticky":false,"template":"","format":"standard","meta":{"footnotes":""},"categories":[64],"tags":[],"class_list":{"0":"post-5768","1":"post","2":"type-post","3":"status-publish","4":"format-standard","5":"has-post-thumbnail","7":"category-info-bevoelkerung","8":"czr-hentry"},"_links":{"self":[{"href":"https:\/\/feuerwehr-kufstein.at\/index.php?rest_route=\/wp\/v2\/posts\/5768","targetHints":{"allow":["GET"]}}],"collection":[{"href":"https:\/\/feuerwehr-kufstein.at\/index.php?rest_route=\/wp\/v2\/posts"}],"about":[{"href":"https:\/\/feuerwehr-kufstein.at\/index.php?rest_route=\/wp\/v2\/types\/post"}],"author":[{"embeddable":true,"href":"https:\/\/feuerwehr-kufstein.at\/index.php?rest_route=\/wp\/v2\/users\/4"}],"replies":[{"embeddable":true,"href":"https:\/\/feuerwehr-kufstein.at\/index.php?rest_route=%2Fwp%2Fv2%2Fcomments&post=5768"}],"version-history":[{"count":0,"href":"https:\/\/feuerwehr-kufstein.at\/index.php?rest_route=\/wp\/v2\/posts\/5768\/revisions"}],"wp:featuredmedia":[{"embeddable":true,"href":"https:\/\/feuerwehr-kufstein.at\/index.php?rest_route=\/wp\/v2\/media\/5769"}],"wp:attachment":[{"href":"https:\/\/feuerwehr-kufstein.at\/index.php?rest_route=%2Fwp%2Fv2%2Fmedia&parent=5768"}],"wp:term":[{"taxonomy":"category","embeddable":true,"href":"https:\/\/feuerwehr-kufstein.at\/index.php?rest_route=%2Fwp%2Fv2%2Fcategories&post=5768"},{"taxonomy":"post_tag","embeddable":true,"href":"https:\/\/feuerwehr-kufstein.at\/index.php?rest_route=%2Fwp%2Fv2%2Ftags&post=5768"}],"curies":[{"name":"wp","href":"https:\/\/api.w.org\/{rel}","templated":true}]}}